{"id":535,"date":"2021-03-17T23:47:43","date_gmt":"2021-03-17T23:47:43","guid":{"rendered":"https:\/\/ongcadd.org\/?p=535"},"modified":"2025-11-24T00:48:09","modified_gmt":"2025-11-24T00:48:09","slug":"atelier-empowerment","status":"publish","type":"post","link":"https:\/\/ongcadd.org\/?p=535","title":{"rendered":"ATELIER EMPOWERMENT"},"content":{"rendered":"\r\n<p>Dans le sacre des 10 ans de la semaine de lutte contre le RACISME dans le canton de Fribourg, L\u2019ONG CADD propose un atelier \u00ab\u00a0empowerment\u00a0\u00bb, pour des jeunes personnes concern\u00e9es de 18 \u00e0 25 ans par le racisme. Cet atelier aura lieu le 21 mars 2021 en souvenir de tous les actes racistes que le peuple noir a subi et continue de subir. L&rsquo;ONG CADD qui a pour but de valoriser l\u2019identit\u00e9 citoyenne et le d\u00e9veloppement universel de l\u2019\u00eatre humain, se focalise essentiellement dans la lutte contre toute forme de discrimination et du racisme anti noir. Elle accompagne depuis 10 ans l&rsquo;Etat Fribourgeois dans la grande sensibilisation contre ce ph\u00e9nom\u00e8ne. De son bilan des 10 ans, il ressort que sensibiliser seul ne suffit plus et qu&rsquo;il faut trouver des moyens curatifs. Confronter les jeunes \u00e0 cette probl\u00e9matique nous permettra de savoir s&rsquo;ils sont souvent conscients ou pas du mal qu&rsquo;est le racisme. Nous allons aussi v\u00e9rifier son aspect syst\u00e9mique et voir s&rsquo;il aura des pistes de solutions \u00e0 envisager. L&rsquo;atelier sera conduit par des intervenants entre autres:<\/p>\r\n\r\n\r\n\r\n<p>Kossivi Oyono Dagbenyo, Pr\u00e9sident de l&rsquo;ONG CADD et Coordinateur de l&rsquo;Association Passerelles \u00e0 Fribourg<\/p>\r\n\r\n\r\n\r\n<p>Aur\u00e9lie Yot\u00e9g\u00e9, nouvelle \u00e9lue au Conseil G\u00e9n\u00e9ral de la commune de Villars-sur-Gl\u00e2ne<\/p>\r\n\r\n\r\n\r\n<p>Sogol Oum, Shenuti d&rsquo;Afrocentricity International de Fribourg<\/p>\r\n\r\n\r\n\r\n<p>Komlavi Dahouede, \u00e9tudiant en droit international Avec diff\u00e9rents t\u00e9moignages:<\/p>\r\n\r\n\r\n\r\n<p>Elodie Turget, depuis la France<\/p>\r\n\r\n\r\n\r\n<p>D&rsquo;ALMEIDA Ayit\u00e9 Tchid\u00e9d\u00e9 Atasse, un requ\u00e9rant d&rsquo;asile en Suisse<\/p>\r\n\r\n\r\n\r\n<p>Pour s&rsquo;inscrire: info@ongcadd.org ou T\u00e9l.: +41779709472<\/p>\r\n","protected":false},"excerpt":{"rendered":"<p>Dans le sacre des 10 ans de la semaine de lutte contre le RACISME dans le canton de Fribourg, L\u2019ONG<\/p>\n","protected":false},"author":2,"featured_media":537,"comment_status":"closed","ping_status":"open","sticky":false,"template":"","format":"standard","meta":{"_acf_changed":false,"_jetpack_memberships_contains_paid_content":false,"_joinchat":[],"footnotes":""},"categories":[5],"tags":[],"class_list":["post-535","post","type-post","status-publish","format-standard","has-post-thumbnail","hentry","category-suisse"],"acf":[],"jetpack_featured_media_url":"https:\/\/ongcadd.org\/wp-content\/uploads\/2021\/03\/WhatsApp-Image-2021-03-17-at-22.55.58.jpeg","jetpack_sharing_enabled":true,"_links":{"self":[{"href":"https:\/\/ongcadd.org\/index.php?rest_route=\/wp\/v2\/posts\/535"}],"collection":[{"href":"https:\/\/ongcadd.org\/index.php?rest_route=\/wp\/v2\/posts"}],"about":[{"href":"https:\/\/ongcadd.org\/index.php?rest_route=\/wp\/v2\/types\/post"}],"author":[{"embeddable":true,"href":"https:\/\/ongcadd.org\/index.php?rest_route=\/wp\/v2\/users\/2"}],"replies":[{"embeddable":true,"href":"https:\/\/ongcadd.org\/index.php?rest_route=%2Fwp%2Fv2%2Fcomments&post=535"}],"version-history":[{"count":3,"href":"https:\/\/ongcadd.org\/index.php?rest_route=\/wp\/v2\/posts\/535\/revisions"}],"predecessor-version":[{"id":540,"href":"https:\/\/ongcadd.org\/index.php?rest_route=\/wp\/v2\/posts\/535\/revisions\/540"}],"wp:featuredmedia":[{"embeddable":true,"href":"https:\/\/ongcadd.org\/index.php?rest_route=\/wp\/v2\/media\/537"}],"wp:attachment":[{"href":"https:\/\/ongcadd.org\/index.php?rest_route=%2Fwp%2Fv2%2Fmedia&parent=535"}],"wp:term":[{"taxonomy":"category","embeddable":true,"href":"https:\/\/ongcadd.org\/index.php?rest_route=%2Fwp%2Fv2%2Fcategories&post=535"},{"taxonomy":"post_tag","embeddable":true,"href":"https:\/\/ongcadd.org\/index.php?rest_route=%2Fwp%2Fv2%2Ftags&post=535"}],"curies":[{"name":"wp","href":"https:\/\/api.w.org\/{rel}","templated":true}]}}