{"id":534,"date":"2021-03-22T22:36:49","date_gmt":"2021-03-22T22:36:49","guid":{"rendered":"https:\/\/ongcadd.org\/?p=534"},"modified":"2025-11-24T00:48:03","modified_gmt":"2025-11-24T00:48:03","slug":"long-cadd-et-les-10-ans-de-lutte-contre-le-racisme-dans-le-canton-de-fribourg","status":"publish","type":"post","link":"https:\/\/ongcadd.org\/?p=534","title":{"rendered":"L&rsquo;ONG CADD ET LES 10 ANS DE LUTTE CONTRE LE RACISME DANS LE CANTON DE FRIBOURG"},"content":{"rendered":"\r\n<p>Pour c\u00e9l\u00e9brer les 10 ans de partenariat avec le Bureau de l&rsquo;int\u00e9gration des migrants en mati\u00e8re de lutte contre le racisme en Suisse et surtout \u00e0 Fribourg, l&rsquo;ONG CADD a organis\u00e9 un atelier empowerment hier, le 21 mars 2012. Rappelons que le 21 mars est retenu comme journ\u00e9e mondiale de lutte contre le racisme en m\u00e9moire de l&rsquo;attentat de Sharpeville en Afrique du Sud \u00e0 cette m\u00eame date. Contrainte par la situation sanitaire l&rsquo;ONG CADD a choisi de se focaliser sur les jeunes qui s&rsquo;\u00e9taient int\u00e9ress\u00e9s \u00e0 elle depuis la grande marche pacifique Black Lives Matter organis\u00e9e le 20 juin 2020 \u00e0 Fribourg. C&rsquo;est donc en nombre r\u00e9duit que l&rsquo;atelier a eu lieu.<br \/>CADD a identifi\u00e9 une m\u00e9connaissance de la semaine de lutte contre le racisme aupr\u00e8s des jeunes racis\u00e9s (mot nouveau qui d\u00e9signe des personnes concern\u00e9es\u00a0par le racisme) et ceci malgr\u00e9 le sacre des 10 ans de l&rsquo;engagement de l&rsquo;\u00c9tat fribourgeois contre le ph\u00e9nom\u00e8ne du racisme. \u00a0 Il est \u00e0 noter qu&rsquo;une grande sensibilisation est souvent destin\u00e9e \u00e0 la classe dominante tout en ignorant les vrais concern\u00e9s. J&rsquo;aimerais parler de l&rsquo;investissement en termes de moyen. Le racisme reste une pr\u00e9occupation de l&rsquo;\u00c9tat suisse et on voit bien que l&rsquo;Etat s&rsquo;investit pour soigner son image. Or, faut-il encore d\u00e9montrer que le racisme est avant tout syst\u00e9mique? Tant que les hommes et femmes \u00e9tatiques ne s&rsquo;engagent pas avec honn\u00eatet\u00e9 pour des causes nobles, (la lutte contre toute forme de discrimination et du racisme- la gr\u00e8ve pour le climat &#8211; la gr\u00e8ve des femmes et autres) rien ne changement dans nos soci\u00e9t\u00e9s scl\u00e9ros\u00e9es et fonci\u00e8rement orient\u00e9es vers la destruction.\u00a0<br \/>L&rsquo;ONG CADD remercie et reste reconnaissante envers l&rsquo;\u00e9quipe dynamique de Lisa Wyss autour de Mme Giuseppina Greco, la D\u00e9l\u00e9gu\u00e9e du Bureau de l&rsquo;int\u00e9gration des migrant-es du canton de Fribourg.\u00a0<br \/><strong>Kossivi Oyono Dagbenyo<\/strong><br \/>Pr\u00e9sident de L&rsquo;association CADD<\/p>\r\n\r\n\r\n\r\n<figure class=\"wp-block-gallery columns-1 is-cropped wp-block-gallery-1 is-layout-flex wp-block-gallery-is-layout-flex\">\r\n<ul class=\"blocks-gallery-grid\">\r\n<li class=\"blocks-gallery-item\">\r\n<figure><img decoding=\"async\" class=\"wp-image-549\" src=\"https:\/\/ongcadd.org\/wp-content\/uploads\/2021\/03\/WhatsApp-Image-2021-03-22-at-22.59.21-1-1024x768.jpeg\" alt=\"\" data-id=\"549\" data-full-url=\"https:\/\/ongcadd.org\/wp-content\/uploads\/2021\/03\/WhatsApp-Image-2021-03-22-at-22.59.21-1.jpeg\" data-link=\"https:\/\/ongcadd.org\/?attachment_id=549\" \/><\/figure>\r\n<\/li>\r\n<\/ul>\r\n<\/figure>\r\n\r\n\r\n\r\n<figure class=\"wp-block-gallery columns-1 is-cropped wp-block-gallery-2 is-layout-flex wp-block-gallery-is-layout-flex\">\r\n<ul class=\"blocks-gallery-grid\">\r\n<li class=\"blocks-gallery-item\">\r\n<figure><img decoding=\"async\" class=\"wp-image-545\" src=\"https:\/\/ongcadd.org\/wp-content\/uploads\/2021\/03\/WhatsApp-Image-2021-03-22-at-22.59.19-1-1024x567.jpeg\" alt=\"\" data-id=\"545\" data-full-url=\"https:\/\/ongcadd.org\/wp-content\/uploads\/2021\/03\/WhatsApp-Image-2021-03-22-at-22.59.19-1.jpeg\" data-link=\"https:\/\/ongcadd.org\/?attachment_id=545\" \/><\/figure>\r\n<\/li>\r\n<\/ul>\r\n<\/figure>\r\n\r\n\r\n\r\n<figure class=\"wp-block-gallery columns-1 is-cropped wp-block-gallery-3 is-layout-flex wp-block-gallery-is-layout-flex\">\r\n<ul class=\"blocks-gallery-grid\">\r\n<li class=\"blocks-gallery-item\">\r\n<figure><img decoding=\"async\" class=\"wp-image-548\" src=\"https:\/\/ongcadd.org\/wp-content\/uploads\/2021\/03\/WhatsApp-Image-2021-03-22-at-22.59.20-1024x566.jpeg\" alt=\"\" data-id=\"548\" data-full-url=\"https:\/\/ongcadd.org\/wp-content\/uploads\/2021\/03\/WhatsApp-Image-2021-03-22-at-22.59.20.jpeg\" data-link=\"https:\/\/ongcadd.org\/?attachment_id=548\" \/><\/figure>\r\n<\/li>\r\n<\/ul>\r\n<\/figure>\r\n\r\n\r\n\r\n<figure class=\"wp-block-gallery columns-1 is-cropped wp-block-gallery-4 is-layout-flex wp-block-gallery-is-layout-flex\">\r\n<ul class=\"blocks-gallery-grid\">\r\n<li class=\"blocks-gallery-item\">\r\n<figure><img decoding=\"async\" class=\"wp-image-547\" src=\"https:\/\/ongcadd.org\/wp-content\/uploads\/2021\/03\/WhatsApp-Image-2021-03-22-at-22.59.20-1-1024x570.jpeg\" alt=\"\" data-id=\"547\" data-full-url=\"https:\/\/ongcadd.org\/wp-content\/uploads\/2021\/03\/WhatsApp-Image-2021-03-22-at-22.59.20-1.jpeg\" data-link=\"https:\/\/ongcadd.org\/?attachment_id=547\" \/><\/figure>\r\n<\/li>\r\n<\/ul>\r\n<\/figure>\r\n\r\n\r\n\r\n<figure class=\"wp-block-gallery columns-1 is-cropped wp-block-gallery-5 is-layout-flex wp-block-gallery-is-layout-flex\">\r\n<ul class=\"blocks-gallery-grid\">\r\n<li class=\"blocks-gallery-item\">\r\n<figure><img decoding=\"async\" class=\"wp-image-546\" src=\"https:\/\/ongcadd.org\/wp-content\/uploads\/2021\/03\/WhatsApp-Image-2021-03-22-at-22.59.19-1024x582.jpeg\" alt=\"\" data-id=\"546\" data-full-url=\"https:\/\/ongcadd.org\/wp-content\/uploads\/2021\/03\/WhatsApp-Image-2021-03-22-at-22.59.19.jpeg\" data-link=\"https:\/\/ongcadd.org\/?attachment_id=546\" \/><\/figure>\r\n<\/li>\r\n<\/ul>\r\n<\/figure>\r\n\r\n\r\n\r\n<figure class=\"wp-block-gallery columns-1 is-cropped wp-block-gallery-6 is-layout-flex wp-block-gallery-is-layout-flex\">\r\n<ul class=\"blocks-gallery-grid\">\r\n<li class=\"blocks-gallery-item\">\r\n<figure><img decoding=\"async\" class=\"wp-image-550\" src=\"https:\/\/ongcadd.org\/wp-content\/uploads\/2021\/03\/WhatsApp-Image-2021-03-22-at-22.59.22-1-768x1024.jpeg\" alt=\"\" data-id=\"550\" data-full-url=\"https:\/\/ongcadd.org\/wp-content\/uploads\/2021\/03\/WhatsApp-Image-2021-03-22-at-22.59.22-1.jpeg\" data-link=\"https:\/\/ongcadd.org\/?attachment_id=550\" \/><\/figure>\r\n<\/li>\r\n<\/ul>\r\n<\/figure>\r\n","protected":false},"excerpt":{"rendered":"<p>Pour c\u00e9l\u00e9brer les 10 ans de partenariat avec le Bureau de l&rsquo;int\u00e9gration des migrants en mati\u00e8re de lutte contre le<\/p>\n","protected":false},"author":2,"featured_media":0,"comment_status":"closed","ping_status":"open","sticky":false,"template":"","format":"standard","meta":{"_acf_changed":false,"_jetpack_memberships_contains_paid_content":false,"_joinchat":[],"footnotes":""},"categories":[9,5],"tags":[],"class_list":["post-534","post","type-post","status-publish","format-standard","hentry","category-discrimination-racisme","category-suisse"],"acf":[],"jetpack_featured_media_url":"","jetpack_sharing_enabled":true,"_links":{"self":[{"href":"https:\/\/ongcadd.org\/index.php?rest_route=\/wp\/v2\/posts\/534"}],"collection":[{"href":"https:\/\/ongcadd.org\/index.php?rest_route=\/wp\/v2\/posts"}],"about":[{"href":"https:\/\/ongcadd.org\/index.php?rest_route=\/wp\/v2\/types\/post"}],"author":[{"embeddable":true,"href":"https:\/\/ongcadd.org\/index.php?rest_route=\/wp\/v2\/users\/2"}],"replies":[{"embeddable":true,"href":"https:\/\/ongcadd.org\/index.php?rest_route=%2Fwp%2Fv2%2Fcomments&post=534"}],"version-history":[{"count":5,"href":"https:\/\/ongcadd.org\/index.php?rest_route=\/wp\/v2\/posts\/534\/revisions"}],"predecessor-version":[{"id":1550,"href":"https:\/\/ongcadd.org\/index.php?rest_route=\/wp\/v2\/posts\/534\/revisions\/1550"}],"wp:attachment":[{"href":"https:\/\/ongcadd.org\/index.php?rest_route=%2Fwp%2Fv2%2Fmedia&parent=534"}],"wp:term":[{"taxonomy":"category","embeddable":true,"href":"https:\/\/ongcadd.org\/index.php?rest_route=%2Fwp%2Fv2%2Fcategories&post=534"},{"taxonomy":"post_tag","embeddable":true,"href":"https:\/\/ongcadd.org\/index.php?rest_route=%2Fwp%2Fv2%2Ftags&post=534"}],"curies":[{"name":"wp","href":"https:\/\/api.w.org\/{rel}","templated":true}]}}