{"id":525,"date":"2021-01-26T20:19:26","date_gmt":"2021-01-26T20:19:26","guid":{"rendered":"https:\/\/ongcadd.org\/?p=525"},"modified":"2025-11-24T00:48:20","modified_gmt":"2025-11-24T00:48:20","slug":"hommage-a-patrice-lumumba","status":"publish","type":"post","link":"https:\/\/ongcadd.org\/?p=525","title":{"rendered":"Hommage \u00e0 Patrice Lumumba!"},"content":{"rendered":"\r\n<p>Qu\u2019il me soit permis d\u2019honorer la m\u00e9moire de cet illustre h\u00e9ros panafricain. Patrice Lumumba est le personnage qui meut en moi. Il est une r\u00e9f\u00e9rence d\u2019homme politique qui \u00e9claire mon engagement politique. Assassin\u00e9 d\u00e9j\u00e0 il y a 60 ans, mais il vit et traverse les g\u00e9n\u00e9rations en g\u00e9n\u00e9rations par son \u0153uvre politique de voir l&rsquo;Afrique debout.<\/p>\r\n\r\n\r\n\r\n<p>Pour la petite histoire, je le d\u00e9couvris en 1997 au petit s\u00e9minaire o\u00f9 je faisais mes \u00e9tudes pour devenir pr\u00eatre catholique. Au lieu de lire la Bible et des bouquins spirituels occidentaux, j&rsquo;avais une folle envie de lire les bouquins africains. C&rsquo;est ainsi que je d\u00e9couvris Patrice Lumumba \u00e0 travers Joseph Ki-Zerbo, le grand historien Burkinab\u00e9. Ma vocation de suivre l&rsquo;engagement de Lumumba naitra quand un pr\u00eatre du nom d&rsquo;Ambroise Atakpa nous faisait \u00e9couter les grands discours de nos h\u00e9ros des ind\u00e9pendances. C&rsquo;\u00e9tait lors de ces s\u00e9ances que je portai en moi Patrice Lumumba \u00e0 travers sa derni\u00e8re lettre \u00e9crite \u00e0 sa femme. Lumumba est victime d&rsquo;une discrimination syst\u00e9mique et d&rsquo;un racisme antinoir. Car, pour les Occidentaux d&rsquo;alors, un Noir ne peut pas oser les d\u00e9fier. Cependant ils ont tu\u00e9 un Lumumba et il faut que naissent des Lumumba de g\u00e9n\u00e9rations en g\u00e9n\u00e9rations. Kossivi Oyono Dagbenyo, Pr\u00e9sident de l&rsquo;ONG CADD<\/p>\r\n\r\n\r\n\r\n<h1 class=\"wp-block-heading\">La derni\u00e8re lettre de Patrice Lumumba \u00e0 sa femme<\/h1>\r\n\r\n\r\n\r\n<ul class=\"wp-block-gallery columns-1 is-cropped wp-block-gallery-1 is-layout-flex wp-block-gallery-is-layout-flex\">\r\n<li class=\"blocks-gallery-item\">\r\n<figure><img loading=\"lazy\" decoding=\"async\" width=\"483\" height=\"646\" class=\"wp-image-529\" src=\"https:\/\/ongcadd.org\/wp-content\/uploads\/2021\/01\/ob_750180_p-e-lumumba-en-famille.jpg\" alt=\"\" data-id=\"529\" data-link=\"https:\/\/ongcadd.org\/?attachment_id=529\" srcset=\"https:\/\/ongcadd.org\/wp-content\/uploads\/2021\/01\/ob_750180_p-e-lumumba-en-famille.jpg 483w, https:\/\/ongcadd.org\/wp-content\/uploads\/2021\/01\/ob_750180_p-e-lumumba-en-famille-224x300.jpg 224w\" sizes=\"(max-width: 483px) 100vw, 483px\" \/><\/figure>\r\n<\/li>\r\n<\/ul>\r\n\r\n\r\n\r\n<p>Ma compagne ch\u00e9rie,<\/p>\r\n\r\n\r\n\r\n<p>Je t\u2019\u00e9cris ces mots sans savoir s\u2019ils te parviendront, quand ils te parviendront et si je serai en vie lorsque tu les liras. Tout au long de ma lutte pour l\u2019ind\u00e9pendance de mon pays, je n\u2019ai jamais dout\u00e9 un seul instant du triomphe final de la cause sacr\u00e9e \u00e0 laquelle mes compagnons et moi avons consacr\u00e9 toute notre vie. Mais ce que nous voulions pour notre pays, son droit \u00e0 une vie honorable, \u00e0 une dignit\u00e9 sans tache, \u00e0 une ind\u00e9pendance sans restriction, le colonialisme belge et ses alli\u00e9s occidentaux \u2013 qui ont trouv\u00e9 des soutiens directs et indirects, d\u00e9lib\u00e9r\u00e9s et non d\u00e9lib\u00e9r\u00e9s, parmi certains hauts fonctionnaires des Nations-Unies, cet organisme en qui nous avons plac\u00e9 toute notre confiance lorsque nous avons fait appel \u00e0 son assistance \u2013 ne l\u2019ont jamais voulu.<\/p>\r\n\r\n\r\n\r\n<p>Ils ont corrompu certains de nos compatriotes, ils ont contribu\u00e9 \u00e0 d\u00e9former la v\u00e9rit\u00e9 et \u00e0 souiller notre ind\u00e9pendance. Que pourrai-je dire d\u2019autre ? Que mort, vivant, libre ou en prison sur ordre des colonialistes, ce n\u2019est pas ma personne qui compte. C\u2019est le Congo, c\u2019est notre pauvre peuple dont on a transform\u00e9 l\u2019ind\u00e9pendance en une cage d\u2019o\u00f9 l\u2019on nous regarde du dehors, tant\u00f4t avec cette compassion b\u00e9n\u00e9vole, tant\u00f4t avec joie et plaisir. Mais ma foi restera in\u00e9branlable. Je sais et je sens au fond de moi m\u00eame que t\u00f4t ou tard mon peuple se d\u00e9barrassera de tous ses ennemis int\u00e9rieurs et ext\u00e9rieurs, qu\u2019il se l\u00e8vera comme un seul homme pour dire non au capitalisme d\u00e9gradant et honteux, et pour reprendre sa dignit\u00e9 sous un soleil pur.<\/p>\r\n\r\n\r\n\r\n<p>Nous ne sommes pas seuls. L\u2019Afrique, l\u2019Asie et les peuples libres et lib\u00e9r\u00e9s de tous les coins du monde se trouveront toujours aux c\u00f4t\u00e9s de millions de congolais qui n\u2019abandonneront la lutte que le jour o\u00f9 il n\u2019y aura plus de colonisateurs et leurs mercenaires dans notre pays. A mes enfants que je laisse, et que peut-\u00eatre je ne reverrai plus, je veux qu\u2019on dise que l\u2019avenir du Congo est beau et qu\u2019il attend d\u2019eux, comme il attend de chaque Congolais, d\u2019accomplir la t\u00e2che sacr\u00e9e de la reconstruction de notre ind\u00e9pendance et de notre souverainet\u00e9, car sans dignit\u00e9 il n\u2019y a pas de libert\u00e9, sans justice il n\u2019y a pas de dignit\u00e9, et sans ind\u00e9pendance il n\u2019y a pas d\u2019hommes libres.<\/p>\r\n\r\n\r\n\r\n<p>Ni brutalit\u00e9s, ni s\u00e9vices, ni tortures ne m\u2019ont jamais amen\u00e9 \u00e0 demander la gr\u00e2ce, car je pr\u00e9f\u00e8re mourir la t\u00eate haute, la foi in\u00e9branlable et la confiance profonde dans la destin\u00e9e de mon pays, plut\u00f4t que vivre dans la soumission et le m\u00e9pris des principes sacr\u00e9s. L\u2019histoire dira un jour son mot, mais ce ne sera pas l\u2019histoire qu\u2019on enseignera \u00e0 Bruxelles, Washington, Paris ou aux Nations Unies, mais celle qu\u2019on enseignera dans les pays affranchis du colonialisme et de ses fantoches. L\u2019Afrique \u00e9crira sa propre histoire et elle sera au nord et au sud du Sahara une histoire de gloire et de dignit\u00e9. Ne me pleure pas, ma compagne. Moi je sais que mon pays, qui souffre tant, saura d\u00e9fendre son ind\u00e9pendance et sa libert\u00e9.<\/p>\r\n\r\n\r\n\r\n<p>Vive le Congo ! Vive l\u2019Afrique !<\/p>\r\n\r\n\r\n\r\n<p>Patrice Lumumba<\/p>\r\n","protected":false},"excerpt":{"rendered":"<p>Qu\u2019il me soit permis d\u2019honorer la m\u00e9moire de cet illustre h\u00e9ros panafricain. Patrice Lumumba est le personnage qui meut en<\/p>\n","protected":false},"author":2,"featured_media":526,"comment_status":"closed","ping_status":"open","sticky":false,"template":"","format":"standard","meta":{"_acf_changed":false,"_jetpack_memberships_contains_paid_content":false,"_joinchat":[],"footnotes":""},"categories":[6],"tags":[],"class_list":["post-525","post","type-post","status-publish","format-standard","has-post-thumbnail","hentry","category-monde"],"acf":[],"jetpack_featured_media_url":"https:\/\/ongcadd.org\/wp-content\/uploads\/2021\/01\/Patrice-Lumumba.png","jetpack_sharing_enabled":true,"_links":{"self":[{"href":"https:\/\/ongcadd.org\/index.php?rest_route=\/wp\/v2\/posts\/525"}],"collection":[{"href":"https:\/\/ongcadd.org\/index.php?rest_route=\/wp\/v2\/posts"}],"about":[{"href":"https:\/\/ongcadd.org\/index.php?rest_route=\/wp\/v2\/types\/post"}],"author":[{"embeddable":true,"href":"https:\/\/ongcadd.org\/index.php?rest_route=\/wp\/v2\/users\/2"}],"replies":[{"embeddable":true,"href":"https:\/\/ongcadd.org\/index.php?rest_route=%2Fwp%2Fv2%2Fcomments&post=525"}],"version-history":[{"count":4,"href":"https:\/\/ongcadd.org\/index.php?rest_route=\/wp\/v2\/posts\/525\/revisions"}],"predecessor-version":[{"id":1551,"href":"https:\/\/ongcadd.org\/index.php?rest_route=\/wp\/v2\/posts\/525\/revisions\/1551"}],"wp:featuredmedia":[{"embeddable":true,"href":"https:\/\/ongcadd.org\/index.php?rest_route=\/wp\/v2\/media\/526"}],"wp:attachment":[{"href":"https:\/\/ongcadd.org\/index.php?rest_route=%2Fwp%2Fv2%2Fmedia&parent=525"}],"wp:term":[{"taxonomy":"category","embeddable":true,"href":"https:\/\/ongcadd.org\/index.php?rest_route=%2Fwp%2Fv2%2Fcategories&post=525"},{"taxonomy":"post_tag","embeddable":true,"href":"https:\/\/ongcadd.org\/index.php?rest_route=%2Fwp%2Fv2%2Ftags&post=525"}],"curies":[{"name":"wp","href":"https:\/\/api.w.org\/{rel}","templated":true}]}}