{"id":517,"date":"2021-01-12T23:29:46","date_gmt":"2021-01-12T23:29:46","guid":{"rendered":"https:\/\/ongcadd.org\/?p=517"},"modified":"2025-11-24T00:48:27","modified_gmt":"2025-11-24T00:48:27","slug":"dedommagement-et-reparation-oblige","status":"publish","type":"post","link":"https:\/\/ongcadd.org\/?p=517","title":{"rendered":"D\u00e9dommagement et r\u00e9paration avant tout!"},"content":{"rendered":"\r\n<p>&nbsp;<\/p>\r\n\r\n\r\n\r\n<p>L&rsquo;Africain-e debout n&rsquo;oublie jamais son pass\u00e9. Il nous faut d\u00e9dommagement et r\u00e9paration! Toutes les nations occidentales ont puni et condamn\u00e9 leurs traites. Et elles ont d\u00e9dommag\u00e9 tous leurs victimes. Pourquoi pas le d\u00e9dommagement des 400 ans de l&rsquo;esclavage, 150 ans de colonisation et le r\u00e8gne du n\u00e9o-colonialisme? Kossivi Oyono Dagbenyo se pose vraiment des questions! Si vous voulez lutter avec nous, devenez membre de notre structure qui milite contre toute forme de discrimination et du racisme anti-noir. <a href=\"https:\/\/www.facebook.com\/togo.duko.3\/videos\/715950552647711\">https:\/\/www.facebook.com\/togo.duko.3\/videos\/715950552647711<\/a><\/p>\r\n\r\n\r\n\r\n<figure class=\"wp-block-gallery columns-0 is-cropped wp-block-gallery-1 is-layout-flex wp-block-gallery-is-layout-flex\"><\/figure>\r\n","protected":false},"excerpt":{"rendered":"<p>&nbsp; L&rsquo;Africain-e debout n&rsquo;oublie jamais son pass\u00e9. Il nous faut d\u00e9dommagement et r\u00e9paration! Toutes les nations occidentales ont puni et<\/p>\n","protected":false},"author":2,"featured_media":522,"comment_status":"closed","ping_status":"open","sticky":false,"template":"","format":"standard","meta":{"_acf_changed":false,"_jetpack_memberships_contains_paid_content":false,"_joinchat":[],"footnotes":""},"categories":[6],"tags":[],"class_list":["post-517","post","type-post","status-publish","format-standard","has-post-thumbnail","hentry","category-monde"],"acf":[],"jetpack_featured_media_url":"https:\/\/ongcadd.org\/wp-content\/uploads\/2021\/01\/Attaquons-le-racisme.png","jetpack_sharing_enabled":true,"_links":{"self":[{"href":"https:\/\/ongcadd.org\/index.php?rest_route=\/wp\/v2\/posts\/517"}],"collection":[{"href":"https:\/\/ongcadd.org\/index.php?rest_route=\/wp\/v2\/posts"}],"about":[{"href":"https:\/\/ongcadd.org\/index.php?rest_route=\/wp\/v2\/types\/post"}],"author":[{"embeddable":true,"href":"https:\/\/ongcadd.org\/index.php?rest_route=\/wp\/v2\/users\/2"}],"replies":[{"embeddable":true,"href":"https:\/\/ongcadd.org\/index.php?rest_route=%2Fwp%2Fv2%2Fcomments&post=517"}],"version-history":[{"count":6,"href":"https:\/\/ongcadd.org\/index.php?rest_route=\/wp\/v2\/posts\/517\/revisions"}],"predecessor-version":[{"id":1552,"href":"https:\/\/ongcadd.org\/index.php?rest_route=\/wp\/v2\/posts\/517\/revisions\/1552"}],"wp:featuredmedia":[{"embeddable":true,"href":"https:\/\/ongcadd.org\/index.php?rest_route=\/wp\/v2\/media\/522"}],"wp:attachment":[{"href":"https:\/\/ongcadd.org\/index.php?rest_route=%2Fwp%2Fv2%2Fmedia&parent=517"}],"wp:term":[{"taxonomy":"category","embeddable":true,"href":"https:\/\/ongcadd.org\/index.php?rest_route=%2Fwp%2Fv2%2Fcategories&post=517"},{"taxonomy":"post_tag","embeddable":true,"href":"https:\/\/ongcadd.org\/index.php?rest_route=%2Fwp%2Fv2%2Ftags&post=517"}],"curies":[{"name":"wp","href":"https:\/\/api.w.org\/{rel}","templated":true}]}}