{"id":487,"date":"2020-08-27T13:53:08","date_gmt":"2020-08-27T13:53:08","guid":{"rendered":"https:\/\/ongcadd.org\/?p=487"},"modified":"2025-11-24T00:48:51","modified_gmt":"2025-11-24T00:48:51","slug":"hegemonie-culturelle","status":"publish","type":"post","link":"https:\/\/ongcadd.org\/?p=487","title":{"rendered":"HEGEMONIE CULTURELLE"},"content":{"rendered":"\r\n<p>Synth\u00e8se de la journ\u00e9e intercollective du 22 ao\u00fbt 2020 \u00e0 l\u2019Unlearning Center de Bluefactory<\/p>\r\n\r\n\r\n\r\n<p>Suite a plusieurs initiatives multiples et collectives et en r\u00e9ponse au besoin de constituer une opposition au discours de \u00ab retour \u00e0 la normale \u00bb omnipr\u00e9sent depuis le d\u00e9but du d\u00e9confinement, un grand nombre de collectifs militants fribourgeois se sont r\u00e9unis le samedi 22 ao\u00fbt \u00e0 l\u2019Unlearning Center de Bluefactory.<\/p>\r\n\r\n\r\n\r\n<p>La journ\u00e9e a vu se d\u00e9rouler quatre plateaux cons\u00e9cutifs regroupant des collectifs li\u00e9s \u00e0 des th\u00e9matiques proches, avant d\u2019aboutir sur une table ronde g\u00e9n\u00e9rale et une soir\u00e9e festive.<\/p>\r\n\r\n\r\n\r\n<p>Le premier plateau concernait les luttes anticapitalistes et antiimp\u00e9rialistes. La Plateforme Anticapitaliste Fribourg, Attac, Cuba-Si, et les Juristes Critiques ont pu d\u00e9velopper leurs approches quant \u00e0 la question du retour \u00e0 la normale et de l\u2019h\u00e9g\u00e9monie culturelle. La PAF a bross\u00e9 un portrait du capitalisme \u00e0 l\u2019\u00e8re n\u00e9olib\u00e9rale et des perspectives de lutte, Attac du fonctionnement global et solidaire du corps social, ainsi que de l\u2019\u00e9vasion fiscale, notamment \u00e0 Fribourg, Cuba-Si a mis le point sur la centralit\u00e9 de l\u2019imp\u00e9rialisme comme ennemi commun \u00e0 toutes les luttes et les Juristes Critiques ont montr\u00e9 la dimension institutionnalis\u00e9e de la qu\u00eate de profit \u00e0 court terme et a invit\u00e9 \u00e0 une d\u00e9mocratisation des entreprises et de l\u2019\u00e9conomie dans son ensemble. Une fois le d\u00e9bat ouvert au public, il a \u00e9t\u00e9 question de savoir s\u2019il est correct ou non de qualifier Fribourg de paradis fiscal ; de savoir s\u2019il est pertinent de soutenir des initiatives existantes, comme celle pour des multinationales responsables ou encore la taxation des paiements num\u00e9riques ; ou encore de savoir ce qu\u2019il faudrait mettre en \u0153uvre pour contrer le pouvoir de r\u00e9cup\u00e9ration et utilisation d\u2019arguments sociaux dont font preuve les capitalistes depuis plus de deux si\u00e8cles pour se donner une image bienveillante et ainsi voiler les divers maux que le capitalisme g\u00e9n\u00e8re.<\/p>\r\n\r\n\r\n\r\n<p>Pour le deuxi\u00e8me plateau, ce sont trois collectifs li\u00e9s aux luttes f\u00e9ministes qui ont dans un premier temps tenu le micro : Gr\u00e8ve des femmes, Appel d\u2019elles et les Juristes Critiques. GDF a pr\u00e9sent\u00e9 l\u2019histoire du mouvement, notamment le caract\u00e8re convergent et intersectionnel de son manifeste et a \u00e9voqu\u00e9 l\u2019actualit\u00e9 et le futur des luttes f\u00e9ministes. Appel d\u2019elles a th\u00e9matis\u00e9 la question des femmes migrantes, les dimensions genr\u00e9es des discriminations qu\u2019elles subissent et le manque de formation du personnel sens\u00e9 les accompagner. Les Juristes Critiques ont dans un premier temps montr\u00e9 le sexisme pr\u00e9sent dans les lois, reposant sur un mod\u00e8le h\u00e9t\u00e9ropatriarcal, puis parl\u00e9 de f\u00e9minisme abolitionniste anticarc\u00e9ral, courant de pens\u00e9e permettant une remise en cause large et intersectionnelle du syst\u00e8me en place et tendant \u00e0 l\u2019abolition du syst\u00e8me carc\u00e9ral. La partie en plenum a permis de parler de la place de l\u2019antisp\u00e9cisme dans les luttes, ainsi que de la charge mentale qui p\u00e8se sur les militantes.<\/p>\r\n\r\n\r\n\r\n<p>Le troisi\u00e8me plateau \u00e9tait d\u00e9di\u00e9 aux luttes \u00e9cologistes et regroupait Gr\u00e8ve du Climat, Extinction R\u00e9bellion, Critical Mass, Faites du v\u00e9lo, Pignon sur Strass et Fribourg pour le Climat. GdC a pr\u00e9sent\u00e9 son histoire et son calendrier, XR a fait le point sur la n\u00e9cessit\u00e9 d\u2019\u00e9tablir des pratiques claires et non moralisantes ainsi que sur celle de sortir du cadre net des institutions politiques traditionnelles. CM et PsS ont expos\u00e9 leurs fonctionnements et buts, organisation de rassemblements spontan\u00e9s de cyclistes pour le premier, atelier de v\u00e9lo participatif pour le second. FplC a pr\u00e9sent\u00e9 leur lutte contre l\u2019abattage des arbres et pour la pi\u00e9tonisation des rues. S\u2019en est suivi une division du public en plusieurs groupes de discussions invitant \u00e0 la r\u00e9flexion et \u00e0 la convergence des diff\u00e9rentes luttes.<\/p>\r\n\r\n\r\n\r\n<p>Le quatri\u00e8me plateau a concern\u00e9 les luttes antiracistes et aides aux r\u00e9fugi\u00e9\u2219es, avec Droit de rester, Poya Solidaire et Citoyens en Action pour la D\u00e9mocratie et le D\u00e9veloppement, collectif contre le racisme anti-noir\u2219es. DDR a pr\u00e9sent\u00e9 l\u2019affaire des violences du centre f\u00e9d\u00e9ral de renvoi de Giffers et les enjeux de sa m\u00e9diatisation, notamment la recrudescence des violences envers les migrants qui a suivi. PS a d\u00e9montr\u00e9 l\u2019inhumanit\u00e9 et l\u2019absurdit\u00e9 du traitement inflig\u00e9 aux personnes soumises au r\u00e9gime d\u2019aide d\u2019urgence, l\u2019humiliation derri\u00e8re leur condition et le fait qu\u2019iels soient constamment amendables dans la rue. CADD a expos\u00e9 les diff\u00e9rences tendances propres existant dans le militantisme antiraciste et les violences subies par les populations noires en Suisse. Le plenum a mis sur la table la question du rapport aux institutions polici\u00e8res, avec des t\u00e9moignages notamment. Il a \u00e9t\u00e9 question de l\u2019importance de l\u2019urgence que les populations blanches prennent conscience de leurs privil\u00e8ges et se sentent concern\u00e9\u2219es par la question. L\u2019id\u00e9e a \u00e9t\u00e9 lanc\u00e9e d\u2019organiser des ateliers sur comment r\u00e9agir \u00e0 des situations de discrimination, sur le mod\u00e8le de ceux organis\u00e9es par le collectif Mille Sept Sans contre le harc\u00e8lement de rue.<\/p>\r\n\r\n\r\n\r\n<p>Le dernier plateau \u00e9tait d\u00e9di\u00e9 \u00e0 revenir sur les points importants et les mettre en commun. Il s\u2019est ouvert sur la pr\u00e9sentation d\u2019un nouveau m\u00e9dium, le Colvert du Peuple, qui pourra notamment, \u00e0 travers son calendrier, servir de plateforme d\u2019information collective \u00e0 toutes les luttes. Ensuite, nous nous sommes activ\u00e9\u2219es \u00e0 cr\u00e9er diff\u00e9rents groupes de travail pour la mise en pratique des discussions ayant eu lieu durant la journ\u00e9e.<\/p>\r\n\r\n\r\n\r\n<ul class=\"wp-block-list\">\r\n<li>Comment \u00e9viter que nos luttes soient r\u00e9cup\u00e9r\u00e9es par l\u2019id\u00e9ologie dominante ?<\/li>\r\n<li>Antisp\u00e9cisme dans les luttes<\/li>\r\n<li>F\u00e9minisme et abolition de la prison<\/li>\r\n<li>Sexisme, racisme, LGBTIphobies en milieu militant<\/li>\r\n<li>Multiplicit\u00e9 des tactiques et gr\u00e8ve g\u00e9n\u00e9rale<\/li>\r\n<li>Organisation d\u2019une future journ\u00e9e intercollective<\/li>\r\n<\/ul>\r\n\r\n\r\n\r\n<p>Outre le dernier, tous ces groupes de travail sont d\u00e9di\u00e9s \u00e0 l\u2019organisation d\u2019une soir\u00e9e de discussion d\u00e9di\u00e9e dans le cadre des InFoCo, \u00e9v\u00e9nements d\u2019information continues se d\u00e9roulant une fois par mois \u00e0 la Coutellerie. Si vous \u00eates int\u00e9ress\u00e9\u2219e\u2219s \u00e0 rejoindre ces groupes de travail, des personnes de contact sont sp\u00e9cifi\u00e9es sur la page Facebook de la journ\u00e9e intercollective.<\/p>\r\n\r\n\r\n\r\n<p>\u00c0 19h s\u2019est ouverte la partie festive de la journ\u00e9e, avec un repas \u00e0 prix libre puis un concert du groupe Octante-et-Onze \u00e0 21h. C\u2019\u00e9tait une ambiance tr\u00e8s belle et enthousiasmante.<br \/>Pour ce qui est des mesures li\u00e9es \u00e0 l\u2019\u00e9pid\u00e9mie de Covid, tout ce qui \u00e9tait possible a \u00e9t\u00e9 mis en place pour \u00e9viter la contamination. Liste de pr\u00e9sence, gel hydroalcoolique, disposition de masques, distanciation sociale, couloirs \u00e0 sens unique, service de la nourriture et des boissons. Ces mesures n\u2019ont pas emp\u00each\u00e9 une jolie convivialit\u00e9 et des \u00e9changes de connaissances et d\u2019exp\u00e9rience tr\u00e8s formateurs.<\/p>\r\n\r\n\r\n\r\n<p>Par Timy<\/p>\r\n","protected":false},"excerpt":{"rendered":"<p>Synth\u00e8se de la journ\u00e9e intercollective du 22 ao\u00fbt 2020 \u00e0 l\u2019Unlearning Center de Bluefactory Suite a plusieurs initiatives multiples et<\/p>\n","protected":false},"author":2,"featured_media":488,"comment_status":"closed","ping_status":"open","sticky":false,"template":"","format":"standard","meta":{"_acf_changed":false,"_jetpack_memberships_contains_paid_content":false,"_joinchat":[],"footnotes":""},"categories":[6],"tags":[],"class_list":["post-487","post","type-post","status-publish","format-standard","has-post-thumbnail","hentry","category-monde"],"acf":[],"jetpack_featured_media_url":"https:\/\/ongcadd.org\/wp-content\/uploads\/2020\/08\/WhatsApp-Image-2020-08-27-at-15.42.14.jpeg","jetpack_sharing_enabled":true,"_links":{"self":[{"href":"https:\/\/ongcadd.org\/index.php?rest_route=\/wp\/v2\/posts\/487"}],"collection":[{"href":"https:\/\/ongcadd.org\/index.php?rest_route=\/wp\/v2\/posts"}],"about":[{"href":"https:\/\/ongcadd.org\/index.php?rest_route=\/wp\/v2\/types\/post"}],"author":[{"embeddable":true,"href":"https:\/\/ongcadd.org\/index.php?rest_route=\/wp\/v2\/users\/2"}],"replies":[{"embeddable":true,"href":"https:\/\/ongcadd.org\/index.php?rest_route=%2Fwp%2Fv2%2Fcomments&post=487"}],"version-history":[{"count":2,"href":"https:\/\/ongcadd.org\/index.php?rest_route=\/wp\/v2\/posts\/487\/revisions"}],"predecessor-version":[{"id":1555,"href":"https:\/\/ongcadd.org\/index.php?rest_route=\/wp\/v2\/posts\/487\/revisions\/1555"}],"wp:featuredmedia":[{"embeddable":true,"href":"https:\/\/ongcadd.org\/index.php?rest_route=\/wp\/v2\/media\/488"}],"wp:attachment":[{"href":"https:\/\/ongcadd.org\/index.php?rest_route=%2Fwp%2Fv2%2Fmedia&parent=487"}],"wp:term":[{"taxonomy":"category","embeddable":true,"href":"https:\/\/ongcadd.org\/index.php?rest_route=%2Fwp%2Fv2%2Fcategories&post=487"},{"taxonomy":"post_tag","embeddable":true,"href":"https:\/\/ongcadd.org\/index.php?rest_route=%2Fwp%2Fv2%2Ftags&post=487"}],"curies":[{"name":"wp","href":"https:\/\/api.w.org\/{rel}","templated":true}]}}