{"id":478,"date":"2020-06-18T18:43:16","date_gmt":"2020-06-18T18:43:16","guid":{"rendered":"https:\/\/ongcadd.org\/?p=478"},"modified":"2025-11-24T00:48:58","modified_gmt":"2025-11-24T00:48:58","slug":"communique","status":"publish","type":"post","link":"https:\/\/ongcadd.org\/?p=478","title":{"rendered":"COMMUNIQUE"},"content":{"rendered":"\r\n<p>L\u2019ONG CADD et plusieurs structures africaines du canton de Fribourg, en collaboration avec le mouvement Solidarit\u00e9S et de nombreux collectifs et associations, invitent la population \u00e0 manifester contre le racisme et les violences polici\u00e8res \u00e0 Fribourg, en Suisse et dans le monde entier.<\/p>\r\n\r\n\r\n\r\n<p>Le 25 mai 2020 dernier, le monde entier a \u00e9t\u00e9 secou\u00e9 par le meurtre barbare de Georges Floyd par un policier blanc \u00e0 Minneapolis, aux Etats-Unis. Depuis, de puissantes mobilisations d\u00e9noncent le racisme et les violences polici\u00e8res. En Suisse aussi.<\/p>\r\n\r\n\r\n\r\n<p>En mati\u00e8re de racisme et de violences, la Suisse n\u2019est en effet malheureusement pas une exception. Ici aussi, les Noir-e-s sont syst\u00e9matiquement discrimin\u00e9-e-s. Ces derni\u00e8res ann\u00e9es, plusieurs personnes ont subi des bavures polici\u00e8res, en raison de la couleur de leur peau. Certaines l\u2019ont pay\u00e9 de leur vie. Pourquoi cet acharnement ?<\/p>\r\n\r\n\r\n\r\n<p>Le racisme perdure dans nos soci\u00e9t\u00e9s en raison de son caract\u00e8re syst\u00e9mique. Aujourd\u2019hui, les auteurs des actes racistes b\u00e9n\u00e9ficient d\u2019une trop grande impunit\u00e9. De notre c\u00f4t\u00e9, nous continuerons \u00e0 d\u00e9noncer haut et fort cette impunit\u00e9. Et surtout plus fort encore, \u00e0 chaque fois que nous reverrons la vid\u00e9o de ces 8 minutes 46 secondes durant lesquelles George Floyd crie \u00abJe ne peux pas respirer \u00bb.<\/p>\r\n\r\n\r\n\r\n<p>NON au racisme\u00a0! NON aux violences polici\u00e8res\u00a0! Mobilisons-nous ensemble le samedi 20 juin!<\/p>\r\n\r\n\r\n\r\n<p>Kossivi Oyono Dagbenyo, le Pr\u00e9sident<\/p>\r\n","protected":false},"excerpt":{"rendered":"<p>L\u2019ONG CADD et plusieurs structures africaines du canton de Fribourg, en collaboration avec le mouvement Solidarit\u00e9S et de nombreux collectifs<\/p>\n","protected":false},"author":2,"featured_media":479,"comment_status":"closed","ping_status":"open","sticky":false,"template":"","format":"standard","meta":{"_acf_changed":false,"_jetpack_memberships_contains_paid_content":false,"_joinchat":[],"footnotes":""},"categories":[5],"tags":[],"class_list":["post-478","post","type-post","status-publish","format-standard","has-post-thumbnail","hentry","category-suisse"],"acf":[],"jetpack_featured_media_url":"https:\/\/ongcadd.org\/wp-content\/uploads\/2020\/06\/Affiche-BLM2.png","jetpack_sharing_enabled":true,"_links":{"self":[{"href":"https:\/\/ongcadd.org\/index.php?rest_route=\/wp\/v2\/posts\/478"}],"collection":[{"href":"https:\/\/ongcadd.org\/index.php?rest_route=\/wp\/v2\/posts"}],"about":[{"href":"https:\/\/ongcadd.org\/index.php?rest_route=\/wp\/v2\/types\/post"}],"author":[{"embeddable":true,"href":"https:\/\/ongcadd.org\/index.php?rest_route=\/wp\/v2\/users\/2"}],"replies":[{"embeddable":true,"href":"https:\/\/ongcadd.org\/index.php?rest_route=%2Fwp%2Fv2%2Fcomments&post=478"}],"version-history":[{"count":2,"href":"https:\/\/ongcadd.org\/index.php?rest_route=\/wp\/v2\/posts\/478\/revisions"}],"predecessor-version":[{"id":1556,"href":"https:\/\/ongcadd.org\/index.php?rest_route=\/wp\/v2\/posts\/478\/revisions\/1556"}],"wp:featuredmedia":[{"embeddable":true,"href":"https:\/\/ongcadd.org\/index.php?rest_route=\/wp\/v2\/media\/479"}],"wp:attachment":[{"href":"https:\/\/ongcadd.org\/index.php?rest_route=%2Fwp%2Fv2%2Fmedia&parent=478"}],"wp:term":[{"taxonomy":"category","embeddable":true,"href":"https:\/\/ongcadd.org\/index.php?rest_route=%2Fwp%2Fv2%2Fcategories&post=478"},{"taxonomy":"post_tag","embeddable":true,"href":"https:\/\/ongcadd.org\/index.php?rest_route=%2Fwp%2Fv2%2Ftags&post=478"}],"curies":[{"name":"wp","href":"https:\/\/api.w.org\/{rel}","templated":true}]}}