{"id":423,"date":"2020-03-08T00:01:26","date_gmt":"2020-03-08T00:01:26","guid":{"rendered":"https:\/\/ongcadd.org\/?p=423"},"modified":"2025-11-24T00:50:00","modified_gmt":"2025-11-24T00:50:00","slug":"colloque-sur-le-racisme","status":"publish","type":"post","link":"https:\/\/ongcadd.org\/?p=423","title":{"rendered":"COLLOQUE SUR LE RACISME"},"content":{"rendered":"\r\n<div class=\"wp-block-image\">\r\n<figure class=\"aligncenter\"><img loading=\"lazy\" decoding=\"async\" width=\"443\" height=\"639\" class=\"wp-image-424\" src=\"https:\/\/ongcadd.org\/wp-content\/uploads\/2020\/03\/Affiche-SLR-14.03.2020.png\" alt=\"\" srcset=\"https:\/\/ongcadd.org\/wp-content\/uploads\/2020\/03\/Affiche-SLR-14.03.2020.png 443w, https:\/\/ongcadd.org\/wp-content\/uploads\/2020\/03\/Affiche-SLR-14.03.2020-208x300.png 208w\" sizes=\"(max-width: 443px) 100vw, 443px\" \/>\r\n<figcaption><br \/>L&rsquo;Afrique debout, l&rsquo;Afrique en avant! Nous vous invitons \u00e0 s&rsquo;inscrire \u00e0 notre colloque sur le racisme du 14 mars 2020 \u00e0 partir de 13 h. Pour la premi\u00e8re fois, les Africains du canton de Fribourg et personnes d&rsquo;ascendance africaine (des personnes qui ont un grand-parent africain, M\u00e9tis, les Africains n\u00e9s hors du continent africain) se r\u00e9unissent pour cerner la probl\u00e9matique du racisme. <br \/>Ensemble, nous sommes forts! <br \/>Kossivi Oyono DaGbenyo, le Pr\u00e9sident de l&rsquo;ONG CADD et Pr\u00e9sident de la Communaut\u00e9 Togolaise en Suisse, invite les Africains \u00e0 poser des pas significatifs quant \u00e0 la renaissance du peuple africain. Cette journ\u00e9e sera cl\u00f4tur\u00e9e en soir\u00e9e par une ambiance tropicale. <br \/><br \/><br \/><\/figcaption>\r\n<\/figure>\r\n<\/div>\r\n\r\n\r\n\r\n<div class=\"wp-block-file\"><a href=\"https:\/\/ongcadd.org\/wp-content\/uploads\/2020\/03\/Programme-workshop-14-03-2020.pdf\">Programme workshop 14-03-2020<\/a><a class=\"wp-block-file__button\" href=\"https:\/\/ongcadd.org\/wp-content\/uploads\/2020\/03\/Programme-workshop-14-03-2020.pdf\" download=\"\">T\u00e9l\u00e9charger<\/a><\/div>\r\n","protected":false},"excerpt":{"rendered":"","protected":false},"author":2,"featured_media":0,"comment_status":"closed","ping_status":"open","sticky":false,"template":"","format":"standard","meta":{"_acf_changed":false,"_jetpack_memberships_contains_paid_content":false,"_joinchat":[],"footnotes":""},"categories":[6,5],"tags":[],"class_list":["post-423","post","type-post","status-publish","format-standard","hentry","category-monde","category-suisse"],"acf":[],"jetpack_featured_media_url":"","jetpack_sharing_enabled":true,"_links":{"self":[{"href":"https:\/\/ongcadd.org\/index.php?rest_route=\/wp\/v2\/posts\/423"}],"collection":[{"href":"https:\/\/ongcadd.org\/index.php?rest_route=\/wp\/v2\/posts"}],"about":[{"href":"https:\/\/ongcadd.org\/index.php?rest_route=\/wp\/v2\/types\/post"}],"author":[{"embeddable":true,"href":"https:\/\/ongcadd.org\/index.php?rest_route=\/wp\/v2\/users\/2"}],"replies":[{"embeddable":true,"href":"https:\/\/ongcadd.org\/index.php?rest_route=%2Fwp%2Fv2%2Fcomments&post=423"}],"version-history":[{"count":3,"href":"https:\/\/ongcadd.org\/index.php?rest_route=\/wp\/v2\/posts\/423\/revisions"}],"predecessor-version":[{"id":1560,"href":"https:\/\/ongcadd.org\/index.php?rest_route=\/wp\/v2\/posts\/423\/revisions\/1560"}],"wp:attachment":[{"href":"https:\/\/ongcadd.org\/index.php?rest_route=%2Fwp%2Fv2%2Fmedia&parent=423"}],"wp:term":[{"taxonomy":"category","embeddable":true,"href":"https:\/\/ongcadd.org\/index.php?rest_route=%2Fwp%2Fv2%2Fcategories&post=423"},{"taxonomy":"post_tag","embeddable":true,"href":"https:\/\/ongcadd.org\/index.php?rest_route=%2Fwp%2Fv2%2Ftags&post=423"}],"curies":[{"name":"wp","href":"https:\/\/api.w.org\/{rel}","templated":true}]}}