{"id":409,"date":"2019-12-19T22:35:49","date_gmt":"2019-12-19T22:35:49","guid":{"rendered":"https:\/\/ongcadd.org\/?p=409"},"modified":"2025-11-24T00:51:38","modified_gmt":"2025-11-24T00:51:38","slug":"les-droits-humains-en-perir","status":"publish","type":"post","link":"https:\/\/ongcadd.org\/?p=409","title":{"rendered":"Les droits humains en p\u00e9rir!"},"content":{"rendered":"\r\n<p>Les droits humains en p\u00e9rir \u00e0 Fribourg! L&rsquo;ONG CADD d\u00e9nonce une pr\u00e9carit\u00e9 syst\u00e9mique de plus en plus croissante en Suisse. Ou sont les valeurs chr\u00e9tiennes jadis v\u00e9hicul\u00e9es et au nom desquelles l&rsquo;Occident a pu soumettre sa domination sur les autres peuples? L\u2019accueil de l&rsquo;\u00e9tranger est devenu un programme politique de restriction qui fait le bonheur des x\u00e9nophobes et des racistes. L&rsquo;ONG CADD qui lutte contre toute forme de discrimination dans le canton de Fribourg, appelle la classe moyenne, le bas peuple et toute la classe opprim\u00e9e \u00e0 s&rsquo;unir pour un m\u00eame combat. La cause du climat, la cause des femmes et la cause migratoire ont besoin d&rsquo;un m\u00eame traitement. Pour l&rsquo;ONG CADD, la pr\u00e9sence des migrants ne devrait pas poser un probl\u00e8me pour les pays d&rsquo;accueil, car, le vrai probl\u00e8me reste la situation politique des pays d&rsquo;origine des migrants. S&rsquo;il y a une forte pr\u00e9sence des demandeurs d&rsquo;asile togolais en Suisse par exemple, il vaut plus t\u00f4t se poser la question de savoir ce qui pousse ces derniers \u00e0 quitter leur pays. Et pour y apporter des solutions ad\u00e9quates, l&rsquo;\u00c9tat suisse devrait attaquer politiquement l&rsquo;\u00c9tat togolais car c&rsquo;est la vie des hommes, des femmes et des enfants qui est en danger. M\u00eame son de cloche pour les \u00c9rythr\u00e9ens, Syriens, Afghans, Somaliens etc. . CADD exhorte la communaut\u00e9 internationale en passant par le d\u00e9partement f\u00e9d\u00e9ral des affaires \u00e9trang\u00e8res suisse pour exiger le respect des droits de tout citoyen et citoyenne peu importe o\u00f9 un humain se trouve. Kossivi Oyono Dagbenyo,<\/p>\r\n\r\n\r\n\r\n<figure class=\"wp-block-image\"><img loading=\"lazy\" decoding=\"async\" width=\"577\" height=\"1024\" class=\"wp-image-413\" src=\"https:\/\/ongcadd.org\/wp-content\/uploads\/2019\/12\/DH-Fribourg-577x1024.jpeg\" alt=\"\" srcset=\"https:\/\/ongcadd.org\/wp-content\/uploads\/2019\/12\/DH-Fribourg-577x1024.jpeg 577w, https:\/\/ongcadd.org\/wp-content\/uploads\/2019\/12\/DH-Fribourg-169x300.jpeg 169w, https:\/\/ongcadd.org\/wp-content\/uploads\/2019\/12\/DH-Fribourg-768x1364.jpeg 768w, https:\/\/ongcadd.org\/wp-content\/uploads\/2019\/12\/DH-Fribourg.jpeg 1153w\" sizes=\"(max-width: 577px) 100vw, 577px\" \/><\/figure>\r\n\r\n\r\n\r\n<figure class=\"wp-block-image\"><img loading=\"lazy\" decoding=\"async\" width=\"1024\" height=\"769\" class=\"wp-image-412\" src=\"https:\/\/ongcadd.org\/wp-content\/uploads\/2019\/12\/DH-FR1-1024x769.jpeg\" alt=\"\" srcset=\"https:\/\/ongcadd.org\/wp-content\/uploads\/2019\/12\/DH-FR1-1024x769.jpeg 1024w, https:\/\/ongcadd.org\/wp-content\/uploads\/2019\/12\/DH-FR1-300x225.jpeg 300w, https:\/\/ongcadd.org\/wp-content\/uploads\/2019\/12\/DH-FR1-768x577.jpeg 768w, https:\/\/ongcadd.org\/wp-content\/uploads\/2019\/12\/DH-FR1-220x165.jpeg 220w, https:\/\/ongcadd.org\/wp-content\/uploads\/2019\/12\/DH-FR1.jpeg 2048w\" sizes=\"(max-width: 1024px) 100vw, 1024px\" \/><\/figure>\r\n\r\n\r\n\r\n<figure class=\"wp-block-image\"><img loading=\"lazy\" decoding=\"async\" width=\"741\" height=\"1024\" class=\"wp-image-411\" src=\"https:\/\/ongcadd.org\/wp-content\/uploads\/2019\/12\/DH-fr-1-741x1024.jpeg\" alt=\"\" srcset=\"https:\/\/ongcadd.org\/wp-content\/uploads\/2019\/12\/DH-fr-1-741x1024.jpeg 741w, https:\/\/ongcadd.org\/wp-content\/uploads\/2019\/12\/DH-fr-1-217x300.jpeg 217w, https:\/\/ongcadd.org\/wp-content\/uploads\/2019\/12\/DH-fr-1-768x1062.jpeg 768w, https:\/\/ongcadd.org\/wp-content\/uploads\/2019\/12\/DH-fr-1.jpeg 1481w\" sizes=\"(max-width: 741px) 100vw, 741px\" \/>\r\n<figcaption><\/figcaption>\r\n<\/figure>\r\n","protected":false},"excerpt":{"rendered":"<p>Les droits humains en p\u00e9rir \u00e0 Fribourg! L&rsquo;ONG CADD d\u00e9nonce une pr\u00e9carit\u00e9 syst\u00e9mique de plus en plus croissante en Suisse.<\/p>\n","protected":false},"author":2,"featured_media":0,"comment_status":"closed","ping_status":"open","sticky":false,"template":"","format":"standard","meta":{"_acf_changed":false,"_jetpack_memberships_contains_paid_content":false,"_joinchat":[],"footnotes":""},"categories":[9,6],"tags":[],"class_list":["post-409","post","type-post","status-publish","format-standard","hentry","category-discrimination-racisme","category-monde"],"acf":[],"jetpack_featured_media_url":"","jetpack_sharing_enabled":true,"_links":{"self":[{"href":"https:\/\/ongcadd.org\/index.php?rest_route=\/wp\/v2\/posts\/409"}],"collection":[{"href":"https:\/\/ongcadd.org\/index.php?rest_route=\/wp\/v2\/posts"}],"about":[{"href":"https:\/\/ongcadd.org\/index.php?rest_route=\/wp\/v2\/types\/post"}],"author":[{"embeddable":true,"href":"https:\/\/ongcadd.org\/index.php?rest_route=\/wp\/v2\/users\/2"}],"replies":[{"embeddable":true,"href":"https:\/\/ongcadd.org\/index.php?rest_route=%2Fwp%2Fv2%2Fcomments&post=409"}],"version-history":[{"count":2,"href":"https:\/\/ongcadd.org\/index.php?rest_route=\/wp\/v2\/posts\/409\/revisions"}],"predecessor-version":[{"id":1562,"href":"https:\/\/ongcadd.org\/index.php?rest_route=\/wp\/v2\/posts\/409\/revisions\/1562"}],"wp:attachment":[{"href":"https:\/\/ongcadd.org\/index.php?rest_route=%2Fwp%2Fv2%2Fmedia&parent=409"}],"wp:term":[{"taxonomy":"category","embeddable":true,"href":"https:\/\/ongcadd.org\/index.php?rest_route=%2Fwp%2Fv2%2Fcategories&post=409"},{"taxonomy":"post_tag","embeddable":true,"href":"https:\/\/ongcadd.org\/index.php?rest_route=%2Fwp%2Fv2%2Ftags&post=409"}],"curies":[{"name":"wp","href":"https:\/\/api.w.org\/{rel}","templated":true}]}}