{"id":384,"date":"2019-06-19T20:54:45","date_gmt":"2019-06-19T20:54:45","guid":{"rendered":"https:\/\/ongcadd.org\/?p=384"},"modified":"2025-11-24T00:52:12","modified_gmt":"2025-11-24T00:52:12","slug":"%ef%bb%bfjournee-mondiale-des-refugies","status":"publish","type":"post","link":"https:\/\/ongcadd.org\/?p=384","title":{"rendered":"\ufeffJOURN\u00c9E MONDIALE DES R\u00c9FUGIES"},"content":{"rendered":"\r\n<p>Pour c\u00e9l\u00e9brer la journ\u00e9e mondiale des r\u00e9fugi\u00e9s du 20 juin de chaque ann\u00e9e, l&rsquo;Association PASSERELLES en collaboration avec l&rsquo;ONG CADD, dans leur habitude invite les diff\u00e9rentes communaut\u00e9s et groupes d\u2019amis \u00e0 s&rsquo;inscrire ou \u00e0 venir supporter les leurs lors de la 4\u00e8me \u00e9dition du tournoi de foot intercommunautaire. Sur le canton de Fribourg, L\u2019ONG CADD avait initi\u00e9 ce tournoi en 2013 avant de l&rsquo;organiser de fa\u00e7on plus officielle avec l&rsquo;Association Passerelles 3 ans plus tard. Ces deux structures cherchent par le foot \u00e0 rassembler les citoyennes et citoyens des diff\u00e9rentes cultures et communaut\u00e9s autour de valeurs telles que l&rsquo;amour du prochain et l\u2019ouverture d&rsquo;esprit vers l&rsquo;autre. Les pr\u00e9c\u00e9dentes \u00e9ditions ont par exemple rapproch\u00e9 la communaut\u00e9 \u00e9rythr\u00e9enne des \u00c9thiopiens. Deux communaut\u00e9s, autrefois un seul peuple, profond\u00e9ment divis\u00e9es sur l&rsquo;angle politique.<\/p>\r\n\r\n\r\n\r\n<p>Le projet de renforcement communautaire lanc\u00e9 en 2015 suite \u00e0 l\u2019afflux migratoire qu\u2019a connu l\u2019Europe en cette ann\u00e9e, a montr\u00e9 bel et bien que ce n\u2019est pas toujours facile que des communaut\u00e9s partageant la m\u00eame histoire migratoire se c\u00f4toient fraternellement. L\u2019ONG CADD, qui lutte contre le racisme anti-noir, souligne dans ses rapports une discrimination intercommunautaire dans le canton de Fribourg. Passerelles pour rench\u00e9rir, constate que ce n\u2019est toujours pas facile de mettre des personnes de diff\u00e9rentes cultures ensemble autour d\u2019une m\u00eame activit\u00e9. Est-ce du genre humain ? Proposer un tournoi du foot autour de la journ\u00e9e mondiale des r\u00e9fugi\u00e9s pourrait \u00eatre une des approches de solution car le foot est une activit\u00e9 qui non seulement rassemble mais procure aussi de la joie et un peu de l\u00e9g\u00e8ret\u00e9.<\/p>\r\n\r\n\r\n\r\n<p>Nous profitons de ce communiqu\u00e9 pour remercier l\u2019Organisation d\u2019Aide aux R\u00e9fugi\u00e9s OSAR, et la ville de Fribourg sans oublier la Direction de la sant\u00e9 et des Affaires Sociales du Canton de Fribourg (par son mandat accord\u00e9 \u00e0 Passerelles), toutes ces structures sans lesquelles cet \u00e9v\u00e9nement ne verra pas le jour.<\/p>\r\n\r\n\r\n\r\n<p>Pour Kossivi Oyono Dagbenyo, le coordinateur, <em>le brassage culturel, fait le monde de demain\u00a0! <\/em><\/p>\r\n\r\n\r\n\r\n<p>Venez donc nombreuses et nombreux, pour jouer ou soutenir votre communaut\u00e9 ou autre et ainsi f\u00eater la joie des migrants en terre d\u2019asile, la Suisse.<\/p>\r\n\r\n\r\n\r\n<p><strong><em>Samedi, 22 juin 2019, de 10h \u00e0 18h. Terrain de Guintzet, Promenade du Cuintzet 4, 1700 Fribourg<\/em><\/strong><\/p>\r\n\r\n\r\n\r\n<p>Fait \u00e0 Fribourg, le 18 juin 2019<\/p>\r\n\r\n\r\n\r\n<p>Pour les deux comit\u00e9s, que la f\u00eate soit belle\u00a0! \u00a0\u00a0\u00a0<\/p>\r\n\r\n\r\n\r\n<p>Coordinateur\u00a0\u00a0\u00a0\u00a0\u00a0\u00a0\u00a0\u00a0\u00a0\u00a0\u00a0\u00a0\u00a0\u00a0\u00a0\u00a0\u00a0\u00a0\u00a0\u00a0\u00a0\u00a0\u00a0\u00a0\u00a0\u00a0\u00a0\u00a0\u00a0\u00a0\u00a0\u00a0\u00a0\u00a0\u00a0\u00a0\u00a0\u00a0\u00a0\u00a0\u00a0\u00a0\u00a0\u00a0\u00a0\u00a0\u00a0\u00a0\u00a0\u00a0\u00a0\u00a0\u00a0\u00a0\u00a0\u00a0\u00a0\u00a0\u00a0\u00a0\u00a0\u00a0\u00a0\u00a0\u00a0\u00a0\u00a0\u00a0\u00a0\u00a0\u00a0\u00a0\u00a0\u00a0\u00a0\u00a0\u00a0\u00a0\u00a0\u00a0\u00a0\u00a0 Pr\u00e9sident Kossivi Oyono Dagbenyo \u00a0\u00a0\u00a0\u00a0\u00a0\u00a0\u00a0\u00a0\u00a0\u00a0\u00a0 \u00a0\u00a0\u00a0\u00a0\u00a0\u00a0\u00a0\u00a0\u00a0\u00a0\u00a0\u00a0\u00a0\u00a0\u00a0\u00a0\u00a0\u00a0\u00a0\u00a0\u00a0\u00a0\u00a0\u00a0\u00a0\u00a0\u00a0\u00a0\u00a0\u00a0\u00a0\u00a0\u00a0\u00a0\u00a0\u00a0\u00a0\u00a0\u00a0\u00a0\u00a0\u00a0\u00a0\u00a0\u00a0\u00a0\u00a0\u00a0\u00a0Benjamin Egger<\/p>\r\n\r\n\r\n\r\n<figure class=\"wp-block-image\"><img loading=\"lazy\" decoding=\"async\" width=\"724\" height=\"1024\" class=\"wp-image-385\" src=\"https:\/\/ongcadd.org\/wp-content\/uploads\/2019\/06\/Tournoi-de-foot-Inter-communautaire-2019-1-1-724x1024.jpg\" alt=\"\" srcset=\"https:\/\/ongcadd.org\/wp-content\/uploads\/2019\/06\/Tournoi-de-foot-Inter-communautaire-2019-1-1-724x1024.jpg 724w, https:\/\/ongcadd.org\/wp-content\/uploads\/2019\/06\/Tournoi-de-foot-Inter-communautaire-2019-1-1-212x300.jpg 212w, https:\/\/ongcadd.org\/wp-content\/uploads\/2019\/06\/Tournoi-de-foot-Inter-communautaire-2019-1-1-768x1086.jpg 768w, https:\/\/ongcadd.org\/wp-content\/uploads\/2019\/06\/Tournoi-de-foot-Inter-communautaire-2019-1-1.jpg 1654w\" sizes=\"(max-width: 724px) 100vw, 724px\" \/><\/figure>\r\n","protected":false},"excerpt":{"rendered":"<p>Pour c\u00e9l\u00e9brer la journ\u00e9e mondiale des r\u00e9fugi\u00e9s du 20 juin de chaque ann\u00e9e, l&rsquo;Association PASSERELLES en collaboration avec l&rsquo;ONG CADD,<\/p>\n","protected":false},"author":2,"featured_media":0,"comment_status":"closed","ping_status":"open","sticky":false,"template":"","format":"standard","meta":{"_acf_changed":false,"_jetpack_memberships_contains_paid_content":false,"_joinchat":[],"footnotes":""},"categories":[6],"tags":[],"class_list":["post-384","post","type-post","status-publish","format-standard","hentry","category-monde"],"acf":[],"jetpack_featured_media_url":"","jetpack_sharing_enabled":true,"_links":{"self":[{"href":"https:\/\/ongcadd.org\/index.php?rest_route=\/wp\/v2\/posts\/384"}],"collection":[{"href":"https:\/\/ongcadd.org\/index.php?rest_route=\/wp\/v2\/posts"}],"about":[{"href":"https:\/\/ongcadd.org\/index.php?rest_route=\/wp\/v2\/types\/post"}],"author":[{"embeddable":true,"href":"https:\/\/ongcadd.org\/index.php?rest_route=\/wp\/v2\/users\/2"}],"replies":[{"embeddable":true,"href":"https:\/\/ongcadd.org\/index.php?rest_route=%2Fwp%2Fv2%2Fcomments&post=384"}],"version-history":[{"count":2,"href":"https:\/\/ongcadd.org\/index.php?rest_route=\/wp\/v2\/posts\/384\/revisions"}],"predecessor-version":[{"id":1566,"href":"https:\/\/ongcadd.org\/index.php?rest_route=\/wp\/v2\/posts\/384\/revisions\/1566"}],"wp:attachment":[{"href":"https:\/\/ongcadd.org\/index.php?rest_route=%2Fwp%2Fv2%2Fmedia&parent=384"}],"wp:term":[{"taxonomy":"category","embeddable":true,"href":"https:\/\/ongcadd.org\/index.php?rest_route=%2Fwp%2Fv2%2Fcategories&post=384"},{"taxonomy":"post_tag","embeddable":true,"href":"https:\/\/ongcadd.org\/index.php?rest_route=%2Fwp%2Fv2%2Ftags&post=384"}],"curies":[{"name":"wp","href":"https:\/\/api.w.org\/{rel}","templated":true}]}}