{"id":357,"date":"2019-03-21T23:36:13","date_gmt":"2019-03-21T23:36:13","guid":{"rendered":"https:\/\/ongcadd.org\/?p=357"},"modified":"2025-11-24T00:52:47","modified_gmt":"2025-11-24T00:52:47","slug":"semaine-de-lutte-contre-toute-forme-de-discrimination-et-du-racisme-a-fribourg-suisse-du-21-au-31-mars-2019","status":"publish","type":"post","link":"https:\/\/ongcadd.org\/?p=357","title":{"rendered":"Semaine de lutte contre toute forme de discrimination et du racisme \u00e0 Fribourg (Suisse) du 21 au 31 mars 2019."},"content":{"rendered":"\r\n<p>Le 21 mars est d\u00e9cr\u00e9t\u00e9 comme journ\u00e9e mondiale de lutte contre le racisme. L\u2019ONG CADD en se focalisant sur le racisme anti-Noir vous propose deux activit\u00e9s afin de briser les barri\u00e8res entre les Hommes et les cultures. Projection du film \u00ab\u00a0Trop Noire pour \u00eatre Fran\u00e7aise\u00a0\u00bb et une journ\u00e9e d&rsquo;\u00e9changes et de formation.<\/p>\r\n\r\n\r\n\r\n<ul class=\"wp-block-gallery columns-2 is-cropped wp-block-gallery-1 is-layout-flex wp-block-gallery-is-layout-flex\">\r\n<li class=\"blocks-gallery-item\">\r\n<figure><img loading=\"lazy\" decoding=\"async\" width=\"652\" height=\"634\" class=\"wp-image-358\" src=\"https:\/\/ongcadd.org\/wp-content\/uploads\/2019\/03\/6176FE99-9777-4A31-935D-DE945592A547.png\" alt=\"\" data-id=\"358\" data-link=\"https:\/\/ongcadd.org\/?attachment_id=358\" srcset=\"https:\/\/ongcadd.org\/wp-content\/uploads\/2019\/03\/6176FE99-9777-4A31-935D-DE945592A547.png 652w, https:\/\/ongcadd.org\/wp-content\/uploads\/2019\/03\/6176FE99-9777-4A31-935D-DE945592A547-300x292.png 300w\" sizes=\"(max-width: 652px) 100vw, 652px\" \/><\/figure>\r\n<\/li>\r\n<li class=\"blocks-gallery-item\">\r\n<figure><img loading=\"lazy\" decoding=\"async\" width=\"1024\" height=\"652\" class=\"wp-image-359\" src=\"https:\/\/ongcadd.org\/wp-content\/uploads\/2019\/03\/2325190D-C294-4962-A713-C024615D41CD-1024x652.png\" alt=\"\" data-id=\"359\" data-link=\"https:\/\/ongcadd.org\/?attachment_id=359\" srcset=\"https:\/\/ongcadd.org\/wp-content\/uploads\/2019\/03\/2325190D-C294-4962-A713-C024615D41CD-1024x652.png 1024w, https:\/\/ongcadd.org\/wp-content\/uploads\/2019\/03\/2325190D-C294-4962-A713-C024615D41CD-300x191.png 300w, https:\/\/ongcadd.org\/wp-content\/uploads\/2019\/03\/2325190D-C294-4962-A713-C024615D41CD-768x489.png 768w, https:\/\/ongcadd.org\/wp-content\/uploads\/2019\/03\/2325190D-C294-4962-A713-C024615D41CD.png 1100w\" sizes=\"(max-width: 1024px) 100vw, 1024px\" \/><\/figure>\r\n<\/li>\r\n<\/ul>\r\n\r\n\r\n\r\n<p>&nbsp;<\/p>\r\n","protected":false},"excerpt":{"rendered":"<p>Le 21 mars est d\u00e9cr\u00e9t\u00e9 comme journ\u00e9e mondiale de lutte contre le racisme. L\u2019ONG CADD en se focalisant sur le<\/p>\n","protected":false},"author":2,"featured_media":0,"comment_status":"closed","ping_status":"open","sticky":false,"template":"","format":"standard","meta":{"_acf_changed":false,"_jetpack_memberships_contains_paid_content":false,"_joinchat":[],"footnotes":""},"categories":[9,5],"tags":[],"class_list":["post-357","post","type-post","status-publish","format-standard","hentry","category-discrimination-racisme","category-suisse"],"acf":[],"jetpack_featured_media_url":"","jetpack_sharing_enabled":true,"_links":{"self":[{"href":"https:\/\/ongcadd.org\/index.php?rest_route=\/wp\/v2\/posts\/357"}],"collection":[{"href":"https:\/\/ongcadd.org\/index.php?rest_route=\/wp\/v2\/posts"}],"about":[{"href":"https:\/\/ongcadd.org\/index.php?rest_route=\/wp\/v2\/types\/post"}],"author":[{"embeddable":true,"href":"https:\/\/ongcadd.org\/index.php?rest_route=\/wp\/v2\/users\/2"}],"replies":[{"embeddable":true,"href":"https:\/\/ongcadd.org\/index.php?rest_route=%2Fwp%2Fv2%2Fcomments&post=357"}],"version-history":[{"count":3,"href":"https:\/\/ongcadd.org\/index.php?rest_route=\/wp\/v2\/posts\/357\/revisions"}],"predecessor-version":[{"id":1569,"href":"https:\/\/ongcadd.org\/index.php?rest_route=\/wp\/v2\/posts\/357\/revisions\/1569"}],"wp:attachment":[{"href":"https:\/\/ongcadd.org\/index.php?rest_route=%2Fwp%2Fv2%2Fmedia&parent=357"}],"wp:term":[{"taxonomy":"category","embeddable":true,"href":"https:\/\/ongcadd.org\/index.php?rest_route=%2Fwp%2Fv2%2Fcategories&post=357"},{"taxonomy":"post_tag","embeddable":true,"href":"https:\/\/ongcadd.org\/index.php?rest_route=%2Fwp%2Fv2%2Ftags&post=357"}],"curies":[{"name":"wp","href":"https:\/\/api.w.org\/{rel}","templated":true}]}}