{"id":227,"date":"2018-11-25T22:37:54","date_gmt":"2018-11-25T22:37:54","guid":{"rendered":"https:\/\/ongcadd.org\/?p=227"},"modified":"2025-11-24T00:53:09","modified_gmt":"2025-11-24T00:53:09","slug":"rencontre-du-pdg-de-long-cadd-avec-lequipe-du-terrain-a-lome","status":"publish","type":"post","link":"https:\/\/ongcadd.org\/?p=227","title":{"rendered":"Rencontre du Coordinateur international de l&rsquo;ONG CADD avec l&rsquo;\u00e9quipe du terrain \u00e0 Lom\u00e9"},"content":{"rendered":"<p>Le 27 octobre 2018, dans sa tourn\u00e9e dans la sous-r\u00e9gion ouest-africaine, le P\u00e8re fondateur de l&rsquo;ONG \u00ab\u00a0Citoyens en Action pour la D\u00e9mocratie et le D\u00e9veloppement\u00a0\u00bb (CADD) a rencontr\u00e9 l&rsquo;\u00e9quipe de terrain, CADD-TOGO. L&rsquo;ONG, cr\u00e9\u00e9e depuis 2014, active en Suisse depuis 2013, n&rsquo;est pas encore active au Togo. C&rsquo;est pour r\u00e9activer cette section, que le Coordinateur international et P\u00e8re fondateur de CADD a s\u00e9journ\u00e9 \u00e0 Lom\u00e9, dans un but strat\u00e9gique, apr\u00e8s s&rsquo;\u00eatre rendu \u00e0 Cotonou (B\u00e9nin) et \u00e0 Bobo-Dioulasso au Burkina Faso.<\/p>\n<p>Rappelons que depuis le 19 ao\u00fbt 2017, le Togo, terre b\u00e9nie des Noirs africains (venus d&rsquo;Egypte lors de leur fuite des razzias berb\u00e8res qui eurent lieu au XII\u00e8me si\u00e8cle), connait une situation particuli\u00e8re dans son histoire politique. Du jamais vu sur cette terre d&rsquo;installation de 44 groupes linguistiques; alors que tout semblait acquis pour le pouvoir mis en place depuis plus de 50 ans de r\u00e8gne sans partage, un sursaut national vit le jour gr\u00e2ce \u00e0 un homme courageux et travailleur, <strong>M. Tikpi Atchadam<\/strong> (Pr\u00e9sident du Parti National Panafricain (PNP)). Il s&rsquo;agit d&rsquo;un parti \u00e0 majorit\u00e9 compos\u00e9 de Kotokoli, auquel s&rsquo;est ajout\u00e9 une masse laborieuse de Togolais, qui allaient modifier le cours de l&rsquo;histoire et r\u00e9clamer dans le hic et nunc, le d\u00e9part sans condition de Faure Gnassingb\u00e9 et de son gouvernement.<\/p>\n<p><strong><em>Bien que les revendications soient, pour l&rsquo;ONG CADD, plus nombreuses que le simple d\u00e9part du Pr\u00e9sident actuel du Togo, il lui incombe de r\u00e9sumer toutes ses revendications en une seule : le d\u00e9part du gouvernement actuel au point de vu des droits humains !<\/em><\/strong><\/p>\n<p>L&rsquo;Afrique a beaucoup souffert et le peuple noir n&rsquo;a jamais connu de \u00ab\u00a0Messie\u00a0\u00bb, pour le sauver, que ce soit depuis les conqu\u00eates territoriales des musulmans berb\u00e8res, de la \u00ab\u00a0chosification\u00a0\u00bb des Noirs par les Occidentaux \u00e0 travers la \u00ab\u00a0traite n\u00e9gri\u00e8re\u00a0\u00bb, de la domination des Occidentaux par leur colonisation, qui ont introduit\u00a0 leur culture \u00ab\u00a0civilisatrice et chr\u00e9tienne\u00a0\u00bb et du n\u00e9o-colonialisme, principale cause des guerres civiles sur le berceau d&rsquo;humanit\u00e9 par l&rsquo;installation des bases arm\u00e9es \u00e9trang\u00e8res. Au vu de ce constat, <em>l&rsquo;ONG CADD estime que les r\u00e9gimes qui ne font pas preuve d&rsquo;alternance au pouvoir restent dans une continuit\u00e9 de l&rsquo;ancien syst\u00e8me, qui n&rsquo;est qu&rsquo;un prolongement de l&rsquo;Occident, pilleur des ressources africaines<\/em>. Le cas de la France en dit long sur sa volont\u00e9 de voir les droits humains des Africains bafou\u00e9s par le maintien au pouvoir des dictatures.<\/p>\n<p>Dans le cas du Togo, le r\u00e9gime actuel est un r\u00e9gime colonial et, de surcro\u00eet, un r\u00e9gime de domination. Si les Occidentaux ont su adopter la D\u00e9claration universelle des droits de l&rsquo;homme le<strong> 10 d\u00e9cembre 1948<\/strong>, ce fut pour \u00e9viter une quelconque domination entre les peuples, vu les cons\u00e9quences d\u00e9gradantes des deux Grandes Guerres (ayant suffisamment d\u00e9montr\u00e9 le barbarisme des syst\u00e8mes occidentaux). Le Togo aurait sign\u00e9 et ratifi\u00e9 plusieurs textes dans le domaine des droits humains en lisant plusieurs documents de structures de d\u00e9fense des droits humains (Amnesty International, ACAT, OMCT et d&rsquo;autres demandant le respect entre peuples africains et celui des droits des enfants). Le gouvernement actuel est loin de combler les attentes dans ces domaines si nous citons l&rsquo;assassinat crapuleux du P\u00e8re de l\u2019Ind\u00e9pendance <strong>Sylvanus Olympio<\/strong>, les enl\u00e8vements et assassinats qui ont jalonn\u00e9 le r\u00e8gne de Gnassingb\u00e9 Eyadema (en poste et apr\u00e8s la gr\u00e8ve illimit\u00e9e de 1990), les tueries et violations que connait le peuple togolais lors de chaque \u00e9lection pr\u00e9sidentielle, l&rsquo;aggravation des violences qui touchent les enfants et les femmes, l&rsquo;\u00e9tat de si\u00e8ge des villes de <strong>Sokod\u00e9, Mango et Bafilo<\/strong>, auxquels s&rsquo;ajoutent les derni\u00e8res r\u00e9pressions du r\u00e9gime et les arrestations des d\u00e9tenus politiques. L&rsquo;ONG CADD constate une d\u00e9rive incommensurable de ce gouvernement, lorsque ce dernier arr\u00eate un d\u00e9fenseur \u00e9m\u00e9rite des droits humains,<strong> Assiba\u00a0 Kwoassi Johnson<\/strong>, Pr\u00e9sident fondateur du Regroupement des Jeunes Africains pour la D\u00e9mocratie et le D\u00e9veloppement (REJADD).<\/p>\n<p>Le cas d&rsquo;Assiba vient casser l&rsquo;appr\u00e9ciation positive que la communaut\u00e9 internationale fait du Togo \u00e0 travers les rapports falsifi\u00e9s que les institutions de d\u00e9fenses des droits de l&rsquo;homme \u00e0 la solde du r\u00e9gime les envoie y compris plusieurs d&rsquo;autres qui se disent de la soci\u00e9t\u00e9 civile et qui se le jouent souvent au double jeu.<\/p>\n<p>Pour l&rsquo;ONG CADD, <em><strong>IL EST TEMPS QU&rsquo;ON FASSE DES DROITES HUMAINS, UNE LUTTE S\u00c9RIEUSE\u00a0ET JUSTE POUR DES R\u00c9SULTATS EFFICIENTS EN AFRIQUE ET AU TOGO<\/strong><\/em>.<\/p>\n<p>Nous d\u00e9non\u00e7ons par ailleurs, le cas de\u00a0<strong> Foly SATCHIVI,<\/strong> le premier Porte-Parole du mouvement \u00ab\u00a0En aucun cas\u00a0\u00bb, un \u00e9tudiant qui par son militantisme croupit actuellement en prison et de surcro\u00eet est en gr\u00e8ve de faim d\u00e9j\u00e0 pour plusieurs jours.<\/p>\n<p><img loading=\"lazy\" decoding=\"async\" class=\"alignnone size-medium wp-image-303\" src=\"https:\/\/ongcadd.org\/wp-content\/uploads\/2018\/11\/Detenus-politiques-300x183.png\" alt=\"\" width=\"300\" height=\"183\" srcset=\"https:\/\/ongcadd.org\/wp-content\/uploads\/2018\/11\/Detenus-politiques-300x183.png 300w, https:\/\/ongcadd.org\/wp-content\/uploads\/2018\/11\/Detenus-politiques-768x468.png 768w, https:\/\/ongcadd.org\/wp-content\/uploads\/2018\/11\/Detenus-politiques.png 811w\" sizes=\"(max-width: 300px) 100vw, 300px\" \/><\/p>\n<p>L&rsquo;ONG CADD dit \u00e7a suffit! Et demande aux autres structures de d\u00e9fenses des droits humains de redoubler d&rsquo;effort contre l&rsquo;impunit\u00e9 au Togo afin qu&rsquo;un vrai \u00e9tat de droit s&rsquo;installe pour toutes et pour tous!<\/p>\n<p>Kossivi Oyono DAGBENYO, Coordinateur international.<\/p>\n","protected":false},"excerpt":{"rendered":"<p>Le 27 octobre 2018, dans sa tourn\u00e9e dans la sous-r\u00e9gion ouest-africaine, le P\u00e8re fondateur de l&rsquo;ONG \u00ab\u00a0Citoyens en Action pour<\/p>\n","protected":false},"author":2,"featured_media":301,"comment_status":"closed","ping_status":"open","sticky":false,"template":"","format":"standard","meta":{"_acf_changed":false,"_jetpack_memberships_contains_paid_content":false,"_joinchat":[],"footnotes":""},"categories":[6],"tags":[],"class_list":["post-227","post","type-post","status-publish","format-standard","has-post-thumbnail","hentry","category-monde"],"acf":[],"jetpack_featured_media_url":"https:\/\/ongcadd.org\/wp-content\/uploads\/2018\/11\/40411147_10215001489129392_7493097728122028032_n.jpg","jetpack_sharing_enabled":true,"_links":{"self":[{"href":"https:\/\/ongcadd.org\/index.php?rest_route=\/wp\/v2\/posts\/227"}],"collection":[{"href":"https:\/\/ongcadd.org\/index.php?rest_route=\/wp\/v2\/posts"}],"about":[{"href":"https:\/\/ongcadd.org\/index.php?rest_route=\/wp\/v2\/types\/post"}],"author":[{"embeddable":true,"href":"https:\/\/ongcadd.org\/index.php?rest_route=\/wp\/v2\/users\/2"}],"replies":[{"embeddable":true,"href":"https:\/\/ongcadd.org\/index.php?rest_route=%2Fwp%2Fv2%2Fcomments&post=227"}],"version-history":[{"count":2,"href":"https:\/\/ongcadd.org\/index.php?rest_route=\/wp\/v2\/posts\/227\/revisions"}],"predecessor-version":[{"id":305,"href":"https:\/\/ongcadd.org\/index.php?rest_route=\/wp\/v2\/posts\/227\/revisions\/305"}],"wp:featuredmedia":[{"embeddable":true,"href":"https:\/\/ongcadd.org\/index.php?rest_route=\/wp\/v2\/media\/301"}],"wp:attachment":[{"href":"https:\/\/ongcadd.org\/index.php?rest_route=%2Fwp%2Fv2%2Fmedia&parent=227"}],"wp:term":[{"taxonomy":"category","embeddable":true,"href":"https:\/\/ongcadd.org\/index.php?rest_route=%2Fwp%2Fv2%2Fcategories&post=227"},{"taxonomy":"post_tag","embeddable":true,"href":"https:\/\/ongcadd.org\/index.php?rest_route=%2Fwp%2Fv2%2Ftags&post=227"}],"curies":[{"name":"wp","href":"https:\/\/api.w.org\/{rel}","templated":true}]}}