{"id":179,"date":"2018-09-11T18:26:04","date_gmt":"2018-09-11T18:26:04","guid":{"rendered":"https:\/\/ongcadd.org\/?p=179"},"modified":"2025-11-24T00:54:06","modified_gmt":"2025-11-24T00:54:06","slug":"179","status":"publish","type":"post","link":"https:\/\/ongcadd.org\/?p=179","title":{"rendered":"Semaine de lutte contre le racisme du 21 au 28 mars 2018"},"content":{"rendered":"<p>Les objectifs ont largement \u00e9t\u00e9 atteints \u00e0 travers la projection des 3 films traitant chacun du racisme et surtout du racisme anti-noir.<\/p>\n<ul>\n<li>Point sur la semaine de lutte contre le racisme: Partie I<\/li>\n<\/ul>\n<p>Le 22 mars 2018, soit le lendemain du 21 mars qui est officiellement la journ\u00e9e internationale de lutte contre le racisme, Passerelles et l\u2019Association Togoviwo ont lanc\u00e9 la toute premi\u00e8re activit\u00e9 comptant pour la semaine de lutte contre le racisme \u00e9dition 2018. Comprenez que bien avant cette date le film \u00ab Les figures de l\u2019ombre \u00bb fut choisi pour l\u2019occasion. Si d\u2019autres structures ont choisi de faire la sensibilisation, Passerelles et ses collaborateurs ont choisi pour leur part de renforcer la capacit\u00e9 des acteurs africains pour la cause. Si nous nous r\u00e9jouissons du film fribourgeois \u00ab Le Regard de l\u2019Autre \u00bb de St\u00e9phane Boshung qui aura un impact significatif aupr\u00e8s des jeunes en les sensibilisant, il n\u2019en demeure pas moins que de la sensibilisation il faut gu\u00e9rir le mal. Fort de cette conviction deux enseignements sont \u00e0 retenir de cette soir\u00e9e.<\/p>\n<p>Le premier est la red\u00e9couverte de l\u2019intelligentsia africaine au service du monde. C\u2019est ce qui ressort de la projection \u00ab Les Figures de l\u2019Ombre \u00bb qui brossent le portrait de trois femmes afro-am\u00e9ricaines qui doivent faire leur place dans un monde machiste et o\u00f9 leur couleur de peau est une entrave que l\u2019on pensait insurmontable. Le deuxi\u00e8me enseignement est l\u2019appel lanc\u00e9 par l\u2019intervenant \u00e0 plus de solidarit\u00e9 entre les victimes qui doivent avoir l\u2019audace de d\u00e9noncer chaque acte ou fait raciste. Le Coordinateur Kossivi Oyono exhorte les acteurs africains \u00e0 une vigilance de tous les instants et pas seulement \u00e0 l\u2019occasion de ces journ\u00e9es consacr\u00e9es \u00e0 la lutte contre le racisme. Celui-ci appelle \u00e0 une constante mobilisation au Nord comme au Sud pour combattre ce ph\u00e9nom\u00e8ne honteux qui est au fondement du sous-d\u00e9veloppement du continent Africain.<\/p>\n<p><img loading=\"lazy\" decoding=\"async\" class=\"alignnone size-medium wp-image-208\" src=\"https:\/\/ongcadd.org\/wp-content\/uploads\/2018\/09\/WhatsApp-Image-2018-03-27-at-17.51.12-4-300x169.jpeg\" alt=\"\" width=\"300\" height=\"169\" srcset=\"https:\/\/ongcadd.org\/wp-content\/uploads\/2018\/09\/WhatsApp-Image-2018-03-27-at-17.51.12-4-300x169.jpeg 300w, https:\/\/ongcadd.org\/wp-content\/uploads\/2018\/09\/WhatsApp-Image-2018-03-27-at-17.51.12-4-768x432.jpeg 768w, https:\/\/ongcadd.org\/wp-content\/uploads\/2018\/09\/WhatsApp-Image-2018-03-27-at-17.51.12-4-1024x576.jpeg 1024w, https:\/\/ongcadd.org\/wp-content\/uploads\/2018\/09\/WhatsApp-Image-2018-03-27-at-17.51.12-4.jpeg 1600w\" sizes=\"(max-width: 300px) 100vw, 300px\" \/> <img loading=\"lazy\" decoding=\"async\" class=\"alignnone size-medium wp-image-205\" src=\"https:\/\/ongcadd.org\/wp-content\/uploads\/2018\/09\/WhatsApp-Image-2018-03-27-at-17.51.12-1-300x169.jpeg\" alt=\"\" width=\"300\" height=\"169\" srcset=\"https:\/\/ongcadd.org\/wp-content\/uploads\/2018\/09\/WhatsApp-Image-2018-03-27-at-17.51.12-1-300x169.jpeg 300w, https:\/\/ongcadd.org\/wp-content\/uploads\/2018\/09\/WhatsApp-Image-2018-03-27-at-17.51.12-1-768x432.jpeg 768w, https:\/\/ongcadd.org\/wp-content\/uploads\/2018\/09\/WhatsApp-Image-2018-03-27-at-17.51.12-1-1024x576.jpeg 1024w, https:\/\/ongcadd.org\/wp-content\/uploads\/2018\/09\/WhatsApp-Image-2018-03-27-at-17.51.12-1.jpeg 1600w\" sizes=\"(max-width: 300px) 100vw, 300px\" \/><\/p>\n<ul>\n<li>Semaine de lutte contre le racisme Partie II<\/li>\n<\/ul>\n<p>Le 23 mars 2018, a \u00e9t\u00e9 projet\u00e9 chez Passerelles le film documentaire du r\u00e9alisateur Raoul Peck, \u00ab I am not your negro \u00bb.<\/p>\n<p>A l\u2019issue de la projection, un d\u00e9bat a eu lieu en pr\u00e9sence d\u2019un public nombreux et de Madame Helena Herrera, du service \u00ab se respecter \u00bb de Caritas. Le service se respecter est en effet mandat\u00e9 par l\u2019Etat de Fribourg en tant que p\u00f4le d\u2019enregistrement et de traitement des faits de discrimination notamment raciale qui lui sont rapport\u00e9s.<\/p>\n<p>Dans ce cadre, Madame Herrera a insist\u00e9 sur l\u2019importance de leur saisine syst\u00e9matique afin de lutter contre la culture de l\u2019impunit\u00e9.<\/p>\n<p>La projection du film a \u00e9t\u00e9 l\u2019occasion pour beaucoup de d\u00e9couvrir le long et lancinant combat men\u00e9 par des figures historiques de la lutte contre le racisme. Il s\u2019agit de Malcolm X et Martin Luther King. Il \u00e9tait saisissant de constater que les figures tut\u00e9laires de la lutte qui poursuivaient des buts similaires ont adopt\u00e9 des moyens diff\u00e9rents. L\u2019enseignement que l\u2019on en tire est que les victimes de faits racistes devraient, dans leur mobilisation, d\u00e9velopper des strat\u00e9gies multidimensionnelles, compl\u00e9mentaires \u00e0 celle des institutions ax\u00e9e essentiellement sur la sensibilisation.<\/p>\n<p>Cet \u00e9v\u00e8nement a \u00e9t\u00e9 l\u2019occasion pour Madame Herrera de pr\u00e9senter la philosophie de son travail et de se faire connaitre du public. Beaucoup d\u2019Africains se sont f\u00e9licit\u00e9s de cette implication de l\u2019\u00c9tat de Fribourg et esp\u00e8rent des r\u00e9sultats concrets dans le combat contre les discriminations, dont le racisme anti-noir reste \u00e0 l\u2019avant-garde des diff\u00e9rentes luttes.<\/p>\n<p>De son c\u00f4t\u00e9 Madame Herrera s\u2019est f\u00e9licit\u00e9e de cette initiative et a annonc\u00e9 un renforcement de la collaboration avec Passerelles afin que la voix des Africains soit entendue, t\u00e9moignant ainsi une forme de reconnaissance du travail accompli par l\u2019\u00e9quipe ainsi que les b\u00e9n\u00e9voles de l\u2019Association.<\/p>\n<p><img loading=\"lazy\" decoding=\"async\" class=\"alignnone size-medium wp-image-210\" src=\"https:\/\/ongcadd.org\/wp-content\/uploads\/2018\/09\/WhatsApp-Image-2018-03-27-at-17.51.12-6-300x169.jpeg\" alt=\"\" width=\"300\" height=\"169\" srcset=\"https:\/\/ongcadd.org\/wp-content\/uploads\/2018\/09\/WhatsApp-Image-2018-03-27-at-17.51.12-6-300x169.jpeg 300w, https:\/\/ongcadd.org\/wp-content\/uploads\/2018\/09\/WhatsApp-Image-2018-03-27-at-17.51.12-6-768x432.jpeg 768w, https:\/\/ongcadd.org\/wp-content\/uploads\/2018\/09\/WhatsApp-Image-2018-03-27-at-17.51.12-6-1024x576.jpeg 1024w, https:\/\/ongcadd.org\/wp-content\/uploads\/2018\/09\/WhatsApp-Image-2018-03-27-at-17.51.12-6.jpeg 1600w\" sizes=\"(max-width: 300px) 100vw, 300px\" \/> <img loading=\"lazy\" decoding=\"async\" class=\"alignnone size-medium wp-image-209\" src=\"https:\/\/ongcadd.org\/wp-content\/uploads\/2018\/09\/WhatsApp-Image-2018-03-27-at-17.51.12-5-300x169.jpeg\" alt=\"\" width=\"300\" height=\"169\" srcset=\"https:\/\/ongcadd.org\/wp-content\/uploads\/2018\/09\/WhatsApp-Image-2018-03-27-at-17.51.12-5-300x169.jpeg 300w, https:\/\/ongcadd.org\/wp-content\/uploads\/2018\/09\/WhatsApp-Image-2018-03-27-at-17.51.12-5-768x432.jpeg 768w, https:\/\/ongcadd.org\/wp-content\/uploads\/2018\/09\/WhatsApp-Image-2018-03-27-at-17.51.12-5-1024x576.jpeg 1024w, https:\/\/ongcadd.org\/wp-content\/uploads\/2018\/09\/WhatsApp-Image-2018-03-27-at-17.51.12-5.jpeg 1600w\" sizes=\"(max-width: 300px) 100vw, 300px\" \/> <img loading=\"lazy\" decoding=\"async\" class=\"alignnone size-medium wp-image-220\" src=\"https:\/\/ongcadd.org\/wp-content\/uploads\/2018\/11\/Racisme2018-2-300x225.jpeg\" alt=\"\" width=\"300\" height=\"225\" srcset=\"https:\/\/ongcadd.org\/wp-content\/uploads\/2018\/11\/Racisme2018-2-300x225.jpeg 300w, https:\/\/ongcadd.org\/wp-content\/uploads\/2018\/11\/Racisme2018-2-768x576.jpeg 768w, https:\/\/ongcadd.org\/wp-content\/uploads\/2018\/11\/Racisme2018-2-1024x768.jpeg 1024w, https:\/\/ongcadd.org\/wp-content\/uploads\/2018\/11\/Racisme2018-2-220x165.jpeg 220w, https:\/\/ongcadd.org\/wp-content\/uploads\/2018\/11\/Racisme2018-2.jpeg 1600w\" sizes=\"(max-width: 300px) 100vw, 300px\" \/> <img loading=\"lazy\" decoding=\"async\" class=\"alignnone size-medium wp-image-221\" src=\"https:\/\/ongcadd.org\/wp-content\/uploads\/2018\/11\/Racisme2018-300x225.jpeg\" alt=\"\" width=\"300\" height=\"225\" srcset=\"https:\/\/ongcadd.org\/wp-content\/uploads\/2018\/11\/Racisme2018-300x225.jpeg 300w, https:\/\/ongcadd.org\/wp-content\/uploads\/2018\/11\/Racisme2018-768x576.jpeg 768w, https:\/\/ongcadd.org\/wp-content\/uploads\/2018\/11\/Racisme2018-1024x768.jpeg 1024w, https:\/\/ongcadd.org\/wp-content\/uploads\/2018\/11\/Racisme2018-220x165.jpeg 220w, https:\/\/ongcadd.org\/wp-content\/uploads\/2018\/11\/Racisme2018.jpeg 1600w\" sizes=\"(max-width: 300px) 100vw, 300px\" \/><\/p>\n<p>Semaine de lutte contre le racisme Partie III<\/p>\n<p>Le 25 mars 2018, Passerelles en collaboration avec l\u2019ONG CADD, a projet\u00e9 le film \u00ab Twelve Years a Slave \u00bb.<\/p>\n<p>L\u2019objectif de cette journ\u00e9e \u00e9tait de confronter les Africains avec leur propre histoire, souvent m\u00e9connue. La journ\u00e9e a commenc\u00e9 par un d\u00eener partage \u00e0 Passerelles afin de f\u00e9d\u00e9rer les diff\u00e9rentes communaut\u00e9s \u00e9trang\u00e8res et suisses. Elle s\u2019est poursuivie par la projection avant de s\u2019achever par une discussion plus informelle \u00e0 Passerelles<\/p>\n<p>Deux panelistes de taille ont \u00e9t\u00e9 convi\u00e9s afin d\u2019animer le d\u00e9bat ayant suivi la projection. Il s\u2019agit de Messieurs Komla Kpogli et Mutombo Kanyana<\/p>\n<p>Apr\u00e8s avoir d\u00e9crypt\u00e9 les ressorts de la discrimination anti-noire et de la trag\u00e9die historique qu\u2019a constitu\u00e9e l\u2019esclavage, ces deux personnalit\u00e9s ont illustr\u00e9 parfaitement la n\u00e9cessaire d\u00e9marche pluridimensionnelle qu\u2019il convient d\u2019adopter dans la lutte contre le racisme, telle qu\u2019elle ressortait du film documentaire de Raoul Peck \u00ab I am not your negro \u00bb.<\/p>\n<p>La journ\u00e9e fut \u00e9mouvante et intense. A des moments de la projection, le public a ressenti beaucoup de malaise face \u00e0 la violence de certaines sc\u00e8nes et l\u2019id\u00e9e qu\u2019elles aient \u00e9t\u00e9 autobiographiques n\u2019a fait que renforcer ce sentiment. Il est \u00e0 noter \u00e9galement que pour certaines Africains, il s\u2019agissait de la premi\u00e8re immersion dans la r\u00e9alit\u00e9 de la violence dont a \u00e9t\u00e9 victime le peuple noir. Le m\u00eame constat a \u00e9t\u00e9 fait du c\u00f4t\u00e9 des Afghans qui \u00e9taient dans l\u2019ignorance totale du drame de l\u2019homme africain.<\/p>\n<p>Kossivi Oyono DAGBENYO, Le Coordinateur du projet et PDG de l&rsquo;ONG CADD<\/p>\n","protected":false},"excerpt":{"rendered":"<p>Les objectifs ont largement \u00e9t\u00e9 atteints \u00e0 travers la projection des 3 films traitant chacun du racisme et surtout du<\/p>\n","protected":false},"author":2,"featured_media":219,"comment_status":"closed","ping_status":"open","sticky":false,"template":"","format":"standard","meta":{"_acf_changed":false,"_jetpack_memberships_contains_paid_content":false,"_joinchat":[],"footnotes":""},"categories":[6],"tags":[],"class_list":["post-179","post","type-post","status-publish","format-standard","has-post-thumbnail","hentry","category-monde"],"acf":[],"jetpack_featured_media_url":"https:\/\/ongcadd.org\/wp-content\/uploads\/2018\/09\/Racisme-2018.png","jetpack_sharing_enabled":true,"_links":{"self":[{"href":"https:\/\/ongcadd.org\/index.php?rest_route=\/wp\/v2\/posts\/179"}],"collection":[{"href":"https:\/\/ongcadd.org\/index.php?rest_route=\/wp\/v2\/posts"}],"about":[{"href":"https:\/\/ongcadd.org\/index.php?rest_route=\/wp\/v2\/types\/post"}],"author":[{"embeddable":true,"href":"https:\/\/ongcadd.org\/index.php?rest_route=\/wp\/v2\/users\/2"}],"replies":[{"embeddable":true,"href":"https:\/\/ongcadd.org\/index.php?rest_route=%2Fwp%2Fv2%2Fcomments&post=179"}],"version-history":[{"count":4,"href":"https:\/\/ongcadd.org\/index.php?rest_route=\/wp\/v2\/posts\/179\/revisions"}],"predecessor-version":[{"id":224,"href":"https:\/\/ongcadd.org\/index.php?rest_route=\/wp\/v2\/posts\/179\/revisions\/224"}],"wp:featuredmedia":[{"embeddable":true,"href":"https:\/\/ongcadd.org\/index.php?rest_route=\/wp\/v2\/media\/219"}],"wp:attachment":[{"href":"https:\/\/ongcadd.org\/index.php?rest_route=%2Fwp%2Fv2%2Fmedia&parent=179"}],"wp:term":[{"taxonomy":"category","embeddable":true,"href":"https:\/\/ongcadd.org\/index.php?rest_route=%2Fwp%2Fv2%2Fcategories&post=179"},{"taxonomy":"post_tag","embeddable":true,"href":"https:\/\/ongcadd.org\/index.php?rest_route=%2Fwp%2Fv2%2Ftags&post=179"}],"curies":[{"name":"wp","href":"https:\/\/api.w.org\/{rel}","templated":true}]}}