{"id":1602,"date":"2026-03-26T20:53:30","date_gmt":"2026-03-26T20:53:30","guid":{"rendered":"https:\/\/ongcadd.org\/?p=1602"},"modified":"2026-03-26T20:54:50","modified_gmt":"2026-03-26T20:54:50","slug":"creation-dune-coalition-anti-raciste-et-anti-imperialiste-a-fribourg","status":"publish","type":"post","link":"https:\/\/ongcadd.org\/?p=1602","title":{"rendered":"Cr\u00e9ation d\u2019une coalition anti-raciste et anti-imp\u00e9rialiste \u00e0 Fribourg"},"content":{"rendered":"<p><i><span style=\"font-weight: 400;\"><img loading=\"lazy\" decoding=\"async\" class=\"alignleft size-medium wp-image-1593\" src=\"https:\/\/ongcadd.org\/wp-content\/uploads\/2026\/03\/Marche2-28.03.2025-212x300.jpeg\" alt=\"\" width=\"212\" height=\"300\" srcset=\"https:\/\/ongcadd.org\/wp-content\/uploads\/2026\/03\/Marche2-28.03.2025-212x300.jpeg 212w, https:\/\/ongcadd.org\/wp-content\/uploads\/2026\/03\/Marche2-28.03.2025-725x1024.jpeg 725w, https:\/\/ongcadd.org\/wp-content\/uploads\/2026\/03\/Marche2-28.03.2025-768x1085.jpeg 768w, https:\/\/ongcadd.org\/wp-content\/uploads\/2026\/03\/Marche2-28.03.2025-1088x1536.jpeg 1088w, https:\/\/ongcadd.org\/wp-content\/uploads\/2026\/03\/Marche2-28.03.2025.jpeg 1450w\" sizes=\"(max-width: 212px) 100vw, 212px\" \/> <img loading=\"lazy\" decoding=\"async\" class=\"alignleft size-medium wp-image-1592\" src=\"https:\/\/ongcadd.org\/wp-content\/uploads\/2026\/03\/Marche-28.03.2025-212x300.jpeg\" alt=\"\" width=\"212\" height=\"300\" srcset=\"https:\/\/ongcadd.org\/wp-content\/uploads\/2026\/03\/Marche-28.03.2025-212x300.jpeg 212w, https:\/\/ongcadd.org\/wp-content\/uploads\/2026\/03\/Marche-28.03.2025-725x1024.jpeg 725w, https:\/\/ongcadd.org\/wp-content\/uploads\/2026\/03\/Marche-28.03.2025-768x1085.jpeg 768w, https:\/\/ongcadd.org\/wp-content\/uploads\/2026\/03\/Marche-28.03.2025-1088x1536.jpeg 1088w, https:\/\/ongcadd.org\/wp-content\/uploads\/2026\/03\/Marche-28.03.2025.jpeg 1450w\" sizes=\"(max-width: 212px) 100vw, 212px\" \/>Une alliance large d\u2019associations et de collectifs se constitue pour renforcer les luttes contre le racisme, la guerre et les dominations imp\u00e9rialistes, et appelle \u00e0 une premi\u00e8re mobilisation publique.<\/span><\/i><\/p>\n<p><span style=\"font-weight: 400;\">Une nouvelle coalition d\u2019organisations, d\u2019associations et de collectifs solidaires s\u2019est constitu\u00e9e \u00e0 Fribourg afin de renforcer la coordination des luttes anti-racistes et anti-imp\u00e9rialistes au niveau local. Cette initiative rassemble de nombreuses structures dont notamment : Fribourg-Palestine, Suisse-Cuba, Latina Solidaria, PangeaKolektif, les Jeunes POP, le Parti Ouvrier Populaire (POP) Fribourg, les Jeunes Vert.e.s, le Collectif Anticapitaliste, Citoyens en Action pour la D\u00e9mocratie et le D\u00e9veloppement (CADD) et le Forum Tamoul Fribourg.<\/span><span style=\"font-weight: 400;\"><br \/>\n<\/span><span style=\"font-weight: 400;\"><br \/>\n<\/span><span style=\"font-weight: 400;\">Sa cr\u00e9ation repose sur un constat partag\u00e9 : face \u00e0 la mont\u00e9e des tensions internationales, des discours racistes et des politiques de militarisation, il devient n\u00e9cessaire de construire un cadre commun d\u2019analyse, d\u2019\u00e9ducation populaire et de mobilisation.<\/span><span style=\"font-weight: 400;\"><br \/>\n<\/span><span style=\"font-weight: 400;\"><br \/>\n<\/span><span style=\"font-weight: 400;\">Les organisations d\u00e9noncent la multiplication des interventions et pressions internationales, ainsi que les ing\u00e9rences dans l&rsquo;autodetermination des peuples. Les exemples s&rsquo;accumulent: la guerre provoqu\u00e9e par Isra\u00ebl et les \u00c9tats-Unis contre l&rsquo;Iran, la continuit\u00e9 du g\u00e9nocide et de la colonisation en Palestine et son extension au Liban, le maintien des sanctions et les tentatives d\u2019incursion contre Cuba, l\u2019enl\u00e8vement du pr\u00e9sident Nicol\u00e1s Maduro au Venezuela et les bombardements qui ont frapp\u00e9 la capitale du Pays, ainsi que les conflits au Soudan et dans d&rsquo;autres pays d&rsquo;Afrique dans le but de piller les ressources locales au profit des grandes entreprises multinationales.<\/span><\/p>\n<p><span style=\"font-weight: 400;\">La coalition rappelle que la Suisse participe aussi \u00e0 ces dynamiques, malgr\u00e9 son image de neutralit\u00e9, \u00e0 travers ses exportations d\u2019armement, le r\u00f4le de son industrie militaire, ainsi que l\u2019importance de sa place financi\u00e8re et du n\u00e9goce de mati\u00e8res premi\u00e8res dans l\u2019\u00e9conomie mondiale.<\/span><span style=\"font-weight: 400;\"><br \/>\n<\/span><span style=\"font-weight: 400;\"><br \/>\n<\/span><span style=\"font-weight: 400;\">\u00ab Nous avons d\u00e9cid\u00e9 de nous unir parce que les attaques contre les peuples prennent aujourd\u2019hui des formes multiples : guerres, sanctions \u00e9conomiques, exploitation des ressources mais aussi racisme et divisions sociales ici m\u00eame. Face \u00e0 cela, la r\u00e9ponse doit \u00eatre collective \u00bb, d\u00e9clare Garance Naegele.<\/span><span style=\"font-weight: 400;\"><br \/>\n<\/span><span style=\"font-weight: 400;\"><br \/>\n<\/span><span style=\"font-weight: 400;\">\u00ab L\u2019imp\u00e9rialisme ne se manifeste pas seulement \u00e0 l\u2019\u00e9tranger : il fragilise aussi la solidarit\u00e9 sociale et alimente les divisions au niveau local. Construire l\u2019unit\u00e9 populaire est une n\u00e9cessit\u00e9 politique \u00bb, ajoute Kossivi Oyono Dagbenyo.<\/span><span style=\"font-weight: 400;\"><br \/>\n<\/span><span style=\"font-weight: 400;\"><br \/>\n<\/span><span style=\"font-weight: 400;\">La coalition appelle \u00e0 participer \u00e0 une manifestation anti-raciste et anti-imp\u00e9rialiste \u00e0 Fribourg le 28 mars 2026, qui r\u00e9unira cort\u00e8ge, stands associatifs et espaces de rencontre. Elle invite l\u2019ensemble de la population, des syndicats, associations et organisations politiques \u00e0 rejoindre cette dynamique collective.<\/span><\/p>\n<p><b>Contact pour la coalition<\/b><b><br \/>\n<\/b><span style=\"font-weight: 400;\">077 970 94 72 &#8211; Kossivi Oyono Dagbenyo, repr\u00e9sentant de la coalition<\/span><span style=\"font-weight: 400;\"><br \/>\n<\/span><span style=\"font-weight: 400;\">079 618 27 21 &#8211; Garance Naegele, repr\u00e9sentante de la coalition<\/span><\/p>\n","protected":false},"excerpt":{"rendered":"<p>Une alliance large d\u2019associations et de collectifs se constitue pour renforcer les luttes contre le racisme, la guerre et les<\/p>\n","protected":false},"author":2,"featured_media":1593,"comment_status":"open","ping_status":"closed","sticky":false,"template":"","format":"standard","meta":{"_acf_changed":false,"_jetpack_memberships_contains_paid_content":false,"_joinchat":[],"footnotes":""},"categories":[1],"tags":[],"class_list":["post-1602","post","type-post","status-publish","format-standard","has-post-thumbnail","hentry","category-uncategorized"],"acf":[],"jetpack_featured_media_url":"https:\/\/ongcadd.org\/wp-content\/uploads\/2026\/03\/Marche2-28.03.2025.jpeg","jetpack_sharing_enabled":true,"_links":{"self":[{"href":"https:\/\/ongcadd.org\/index.php?rest_route=\/wp\/v2\/posts\/1602"}],"collection":[{"href":"https:\/\/ongcadd.org\/index.php?rest_route=\/wp\/v2\/posts"}],"about":[{"href":"https:\/\/ongcadd.org\/index.php?rest_route=\/wp\/v2\/types\/post"}],"author":[{"embeddable":true,"href":"https:\/\/ongcadd.org\/index.php?rest_route=\/wp\/v2\/users\/2"}],"replies":[{"embeddable":true,"href":"https:\/\/ongcadd.org\/index.php?rest_route=%2Fwp%2Fv2%2Fcomments&post=1602"}],"version-history":[{"count":1,"href":"https:\/\/ongcadd.org\/index.php?rest_route=\/wp\/v2\/posts\/1602\/revisions"}],"predecessor-version":[{"id":1603,"href":"https:\/\/ongcadd.org\/index.php?rest_route=\/wp\/v2\/posts\/1602\/revisions\/1603"}],"wp:featuredmedia":[{"embeddable":true,"href":"https:\/\/ongcadd.org\/index.php?rest_route=\/wp\/v2\/media\/1593"}],"wp:attachment":[{"href":"https:\/\/ongcadd.org\/index.php?rest_route=%2Fwp%2Fv2%2Fmedia&parent=1602"}],"wp:term":[{"taxonomy":"category","embeddable":true,"href":"https:\/\/ongcadd.org\/index.php?rest_route=%2Fwp%2Fv2%2Fcategories&post=1602"},{"taxonomy":"post_tag","embeddable":true,"href":"https:\/\/ongcadd.org\/index.php?rest_route=%2Fwp%2Fv2%2Ftags&post=1602"}],"curies":[{"name":"wp","href":"https:\/\/api.w.org\/{rel}","templated":true}]}}