{"id":1531,"date":"2025-07-21T12:11:16","date_gmt":"2025-07-21T12:11:16","guid":{"rendered":"https:\/\/ongcadd.org\/?p=1531"},"modified":"2025-11-24T00:36:56","modified_gmt":"2025-11-24T00:36:56","slug":"festival-des-cultures-du-monde-fribourg-2025","status":"publish","type":"post","link":"https:\/\/ongcadd.org\/?p=1531","title":{"rendered":"Festival des Cultures du Monde \u2013 Fribourg 2025"},"content":{"rendered":"<h1 class=\"mec-single-title\"><span style=\"font-size: 16px;\">Chers amis, ch\u00e8res amies,<\/span><\/h1>\n<div class=\"mec-single-event-description mec-events-content\">\n<p>C\u2019est avec une grande joie que nous vous invitons \u00e0 la 2e \u00e9dition du Festival des Cultures du Monde \u2013 FESTIC-MONDE 2025, qui se tiendra \u00e0 Fribourg, les 25, 26 et 27 juillet, sur la belle Place Georges-Python.<\/p>\n<p>Ce festival est avant tout une c\u00e9l\u00e9bration du vivre-ensemble, de la diversit\u00e9 culturelle et du partage entre les peuples. \u00c0 travers la gastronomie, la musique, la danse, l\u2019art et les traditions, 15 communaut\u00e9s diff\u00e9rentes vous ouvrent leurs portes pour vous faire d\u00e9couvrir la richesse de leurs cultures.<\/p>\n<p>Durant trois jours, Fribourg deviendra un carrefour vibrant o\u00f9 se m\u00ealeront couleurs, saveurs, rythmes et sourires. Un moment unique pour tisser des liens, d\u00e9construire les pr\u00e9jug\u00e9s et faire vivre la fraternit\u00e9.<\/p>\n<p>Nous remercions vivement tous nos partenaires, b\u00e9n\u00e9voles, artistes, associations et institutions qui rendent cet \u00e9v\u00e9nement possible, ainsi que la Ville de Fribourg, le Service d\u2019Int\u00e9gration (IMR), la Loterie Romande, ICI Ensemble et toutes les personnes engag\u00e9es \u00e0 nos c\u00f4t\u00e9s.<\/p>\n<p>Nous vous attendons nombreuses et nombreux pour vivre ensemble cette belle aventure humaine et culturelle.<\/p>\n<p>Plusieurs nations, un m\u00eame peuple !<\/p>\n<p>Avec nos salutations les plus chaleureuses,<\/p>\n<p>L\u2019\u00e9quipe organisatrice \u2013 ONG CADD &amp; Espace Cultures-Monde<\/p>\n<p><img loading=\"lazy\" decoding=\"async\" class=\"alignleft size-medium wp-image-1541\" src=\"https:\/\/ongcadd.org\/wp-content\/uploads\/2025\/07\/Affiche-Festic-2025-200x300.jpg\" alt=\"\" width=\"200\" height=\"300\" srcset=\"https:\/\/ongcadd.org\/wp-content\/uploads\/2025\/07\/Affiche-Festic-2025-200x300.jpg 200w, https:\/\/ongcadd.org\/wp-content\/uploads\/2025\/07\/Affiche-Festic-2025-683x1024.jpg 683w, https:\/\/ongcadd.org\/wp-content\/uploads\/2025\/07\/Affiche-Festic-2025-768x1152.jpg 768w, https:\/\/ongcadd.org\/wp-content\/uploads\/2025\/07\/Affiche-Festic-2025.jpg 1024w\" sizes=\"(max-width: 200px) 100vw, 200px\" \/><img loading=\"lazy\" decoding=\"async\" class=\"alignleft size-medium wp-image-1534\" src=\"https:\/\/ongcadd.org\/wp-content\/uploads\/2025\/07\/Programme-FESTIC-MONDE-2025-212x300.jpg\" alt=\"\" width=\"212\" height=\"300\" srcset=\"https:\/\/ongcadd.org\/wp-content\/uploads\/2025\/07\/Programme-FESTIC-MONDE-2025-212x300.jpg 212w, https:\/\/ongcadd.org\/wp-content\/uploads\/2025\/07\/Programme-FESTIC-MONDE-2025-724x1024.jpg 724w, https:\/\/ongcadd.org\/wp-content\/uploads\/2025\/07\/Programme-FESTIC-MONDE-2025-768x1086.jpg 768w, https:\/\/ongcadd.org\/wp-content\/uploads\/2025\/07\/Programme-FESTIC-MONDE-2025-1086x1536.jpg 1086w, https:\/\/ongcadd.org\/wp-content\/uploads\/2025\/07\/Programme-FESTIC-MONDE-2025-1448x2048.jpg 1448w, https:\/\/ongcadd.org\/wp-content\/uploads\/2025\/07\/Programme-FESTIC-MONDE-2025.jpg 1654w\" sizes=\"(max-width: 212px) 100vw, 212px\" \/><\/p>\n<\/div>\n","protected":false},"excerpt":{"rendered":"<p>Chers amis, ch\u00e8res amies, C\u2019est avec une grande joie que nous vous invitons \u00e0 la 2e \u00e9dition du Festival des<\/p>\n","protected":false},"author":2,"featured_media":1526,"comment_status":"closed","ping_status":"open","sticky":false,"template":"","format":"standard","meta":{"_acf_changed":false,"_jetpack_memberships_contains_paid_content":false,"_joinchat":[],"footnotes":""},"categories":[9,6,5],"tags":[],"class_list":["post-1531","post","type-post","status-publish","format-standard","has-post-thumbnail","hentry","category-discrimination-racisme","category-monde","category-suisse"],"acf":[],"jetpack_featured_media_url":"https:\/\/ongcadd.org\/wp-content\/uploads\/2025\/07\/Visuelle-FESTIC-2025-.jpg","jetpack_sharing_enabled":true,"_links":{"self":[{"href":"https:\/\/ongcadd.org\/index.php?rest_route=\/wp\/v2\/posts\/1531"}],"collection":[{"href":"https:\/\/ongcadd.org\/index.php?rest_route=\/wp\/v2\/posts"}],"about":[{"href":"https:\/\/ongcadd.org\/index.php?rest_route=\/wp\/v2\/types\/post"}],"author":[{"embeddable":true,"href":"https:\/\/ongcadd.org\/index.php?rest_route=\/wp\/v2\/users\/2"}],"replies":[{"embeddable":true,"href":"https:\/\/ongcadd.org\/index.php?rest_route=%2Fwp%2Fv2%2Fcomments&post=1531"}],"version-history":[{"count":4,"href":"https:\/\/ongcadd.org\/index.php?rest_route=\/wp\/v2\/posts\/1531\/revisions"}],"predecessor-version":[{"id":1544,"href":"https:\/\/ongcadd.org\/index.php?rest_route=\/wp\/v2\/posts\/1531\/revisions\/1544"}],"wp:featuredmedia":[{"embeddable":true,"href":"https:\/\/ongcadd.org\/index.php?rest_route=\/wp\/v2\/media\/1526"}],"wp:attachment":[{"href":"https:\/\/ongcadd.org\/index.php?rest_route=%2Fwp%2Fv2%2Fmedia&parent=1531"}],"wp:term":[{"taxonomy":"category","embeddable":true,"href":"https:\/\/ongcadd.org\/index.php?rest_route=%2Fwp%2Fv2%2Fcategories&post=1531"},{"taxonomy":"post_tag","embeddable":true,"href":"https:\/\/ongcadd.org\/index.php?rest_route=%2Fwp%2Fv2%2Ftags&post=1531"}],"curies":[{"name":"wp","href":"https:\/\/api.w.org\/{rel}","templated":true}]}}