{"id":1414,"date":"2024-03-21T23:41:54","date_gmt":"2024-03-21T23:41:54","guid":{"rendered":"https:\/\/ongcadd.org\/?p=1414"},"modified":"2025-11-24T00:39:40","modified_gmt":"2025-11-24T00:39:40","slug":"communique-sur-latelier-contre-le-racisme-aupres-des-tout-petits","status":"publish","type":"post","link":"https:\/\/ongcadd.org\/?p=1414","title":{"rendered":"COMMUNIQUE SUR L\u2019ATELIER CONTRE LE RACISME AUPR\u00c8S DES TOUT-PETITS"},"content":{"rendered":"<p>En date du 20 mars et en amont \u00e0 la journ\u00e9e internationale pour l\u2019\u00e9limination du racisme c\u00e9l\u00e9br\u00e9e chaque 21 mars, l\u2019ONC CADD et l\u2019Association Passerelles, ont organis\u00e9 un deuxi\u00e8me atelier sur la th\u00e9matique du racisme avec les tout-petits.<\/p>\n<p>Les ateliers contre le racisme pour les enfants, programm\u00e9s sur 3 mercredis, le 13, le 20 et le 27 mars, ont pour objectif de sensibiliser les enfants aux notions de diversit\u00e9, d&rsquo;\u00e9galit\u00e9 et de respect mutuel, et de les encourager \u00e0 lutter contre toute forme de discrimination et de pr\u00e9jug\u00e9s et de se sentir mieux avec leur double identit\u00e9.<\/p>\n<p>Pour le deuxi\u00e8me atelier du 20 mars, ils ont eu une pr\u00e9sentation des concepts de racisme, de discrimination et de diversit\u00e9, \u00e0 travers des exemples concrets et adapt\u00e9s \u00e0 leur \u00e2ge. C\u2019\u00e9tait au travers des activit\u00e9s ludiques favorisant la compr\u00e9hension et l&rsquo;acceptation de la diff\u00e9rence, ainsi que la valorisation de la diversit\u00e9 culturelle. L\u2019organisateur principal, Kossivi Dagbenyo, Pr\u00e9sident de l\u2019ONG CADD et Coordinateur des activit\u00e9s \u00e0 Passerelles, a pr\u00e9sent\u00e9 quelques t\u00e9moignages contre le racisme. Ceci a cr\u00e9\u00e9 un espace de discussion et d\u2019\u00e9change entre les enfants sur leur perception et leur exp\u00e9rience en mati\u00e8re de racisme et de discrimination. Pour clore cet atelier, les enfants ont produit des dessins selon leur inspiration symbolisant l&rsquo;unit\u00e9 dans la diversit\u00e9 et la solidarit\u00e9 contre le racisme.<\/p>\n<p>L&rsquo;atelier contre le racisme pour les enfants a \u00e9t\u00e9 un moment d&rsquo;\u00e9change et de sensibilisation enrichissant, qui a permis aux enfants de prendre conscience de l&rsquo;importance du respect de chacun, quelle que soit ses origines ou sa couleur de peau. Les enfants ont exprim\u00e9 leur engagement \u00e0 lutter contre le racisme et \u00e0 promouvoir la tol\u00e9rance et l&rsquo;inclusion dans leur quotidien.<\/p>\n<p>Les organisateurs, satisfaits de ce deuxi\u00e8me atelier, donnent rendez-vous pour le troisi\u00e8me atelier qui aura lieu le 27 mars 2024 \u00e0 15h dans le m\u00eame Espace de rencontre interculturel, Passerelles de Fribourg.<img loading=\"lazy\" decoding=\"async\" class=\"alignleft size-medium wp-image-1415\" src=\"https:\/\/ongcadd.org\/wp-content\/uploads\/2024\/03\/432794937_7565617060139996_5082569602117276336_n-300x225.jpg\" alt=\"\" width=\"300\" height=\"225\" srcset=\"https:\/\/ongcadd.org\/wp-content\/uploads\/2024\/03\/432794937_7565617060139996_5082569602117276336_n-300x225.jpg 300w, https:\/\/ongcadd.org\/wp-content\/uploads\/2024\/03\/432794937_7565617060139996_5082569602117276336_n-1024x768.jpg 1024w, https:\/\/ongcadd.org\/wp-content\/uploads\/2024\/03\/432794937_7565617060139996_5082569602117276336_n-768x576.jpg 768w, https:\/\/ongcadd.org\/wp-content\/uploads\/2024\/03\/432794937_7565617060139996_5082569602117276336_n-1536x1152.jpg 1536w, https:\/\/ongcadd.org\/wp-content\/uploads\/2024\/03\/432794937_7565617060139996_5082569602117276336_n-2048x1536.jpg 2048w\" sizes=\"(max-width: 300px) 100vw, 300px\" \/> <img loading=\"lazy\" decoding=\"async\" class=\"alignleft size-medium wp-image-1416\" src=\"https:\/\/ongcadd.org\/wp-content\/uploads\/2024\/03\/432923249_1475848693287516_7004818474579119705_n-300x225.jpg\" alt=\"\" width=\"300\" height=\"225\" srcset=\"https:\/\/ongcadd.org\/wp-content\/uploads\/2024\/03\/432923249_1475848693287516_7004818474579119705_n-300x225.jpg 300w, https:\/\/ongcadd.org\/wp-content\/uploads\/2024\/03\/432923249_1475848693287516_7004818474579119705_n-1024x768.jpg 1024w, https:\/\/ongcadd.org\/wp-content\/uploads\/2024\/03\/432923249_1475848693287516_7004818474579119705_n-768x576.jpg 768w, https:\/\/ongcadd.org\/wp-content\/uploads\/2024\/03\/432923249_1475848693287516_7004818474579119705_n-1536x1152.jpg 1536w, https:\/\/ongcadd.org\/wp-content\/uploads\/2024\/03\/432923249_1475848693287516_7004818474579119705_n-2048x1536.jpg 2048w\" sizes=\"(max-width: 300px) 100vw, 300px\" \/> <img loading=\"lazy\" decoding=\"async\" class=\"alignleft size-medium wp-image-1417\" src=\"https:\/\/ongcadd.org\/wp-content\/uploads\/2024\/03\/Atelier-sur-le-racisme--300x225.jpg\" alt=\"\" width=\"300\" height=\"225\" srcset=\"https:\/\/ongcadd.org\/wp-content\/uploads\/2024\/03\/Atelier-sur-le-racisme--300x225.jpg 300w, https:\/\/ongcadd.org\/wp-content\/uploads\/2024\/03\/Atelier-sur-le-racisme--1024x768.jpg 1024w, https:\/\/ongcadd.org\/wp-content\/uploads\/2024\/03\/Atelier-sur-le-racisme--768x576.jpg 768w, https:\/\/ongcadd.org\/wp-content\/uploads\/2024\/03\/Atelier-sur-le-racisme--1536x1152.jpg 1536w, https:\/\/ongcadd.org\/wp-content\/uploads\/2024\/03\/Atelier-sur-le-racisme-.jpg 1600w\" sizes=\"(max-width: 300px) 100vw, 300px\" \/> <img loading=\"lazy\" decoding=\"async\" class=\"alignleft size-medium wp-image-1418\" src=\"https:\/\/ongcadd.org\/wp-content\/uploads\/2024\/03\/Atelier-sur-le-racisme1--300x225.jpg\" alt=\"\" width=\"300\" height=\"225\" srcset=\"https:\/\/ongcadd.org\/wp-content\/uploads\/2024\/03\/Atelier-sur-le-racisme1--300x225.jpg 300w, https:\/\/ongcadd.org\/wp-content\/uploads\/2024\/03\/Atelier-sur-le-racisme1--1024x768.jpg 1024w, https:\/\/ongcadd.org\/wp-content\/uploads\/2024\/03\/Atelier-sur-le-racisme1--768x576.jpg 768w, https:\/\/ongcadd.org\/wp-content\/uploads\/2024\/03\/Atelier-sur-le-racisme1--1536x1152.jpg 1536w, https:\/\/ongcadd.org\/wp-content\/uploads\/2024\/03\/Atelier-sur-le-racisme1-.jpg 1600w\" sizes=\"(max-width: 300px) 100vw, 300px\" \/><\/p>\n","protected":false},"excerpt":{"rendered":"<p>En date du 20 mars et en amont \u00e0 la journ\u00e9e internationale pour l\u2019\u00e9limination du racisme c\u00e9l\u00e9br\u00e9e chaque 21 mars,<\/p>\n","protected":false},"author":2,"featured_media":0,"comment_status":"closed","ping_status":"open","sticky":false,"template":"","format":"standard","meta":{"_acf_changed":false,"_jetpack_memberships_contains_paid_content":false,"_joinchat":[],"footnotes":""},"categories":[11,9,5],"tags":[],"class_list":["post-1414","post","type-post","status-publish","format-standard","hentry","category-democratie","category-discrimination-racisme","category-suisse"],"acf":[],"jetpack_featured_media_url":"","jetpack_sharing_enabled":true,"_links":{"self":[{"href":"https:\/\/ongcadd.org\/index.php?rest_route=\/wp\/v2\/posts\/1414"}],"collection":[{"href":"https:\/\/ongcadd.org\/index.php?rest_route=\/wp\/v2\/posts"}],"about":[{"href":"https:\/\/ongcadd.org\/index.php?rest_route=\/wp\/v2\/types\/post"}],"author":[{"embeddable":true,"href":"https:\/\/ongcadd.org\/index.php?rest_route=\/wp\/v2\/users\/2"}],"replies":[{"embeddable":true,"href":"https:\/\/ongcadd.org\/index.php?rest_route=%2Fwp%2Fv2%2Fcomments&post=1414"}],"version-history":[{"count":1,"href":"https:\/\/ongcadd.org\/index.php?rest_route=\/wp\/v2\/posts\/1414\/revisions"}],"predecessor-version":[{"id":1419,"href":"https:\/\/ongcadd.org\/index.php?rest_route=\/wp\/v2\/posts\/1414\/revisions\/1419"}],"wp:attachment":[{"href":"https:\/\/ongcadd.org\/index.php?rest_route=%2Fwp%2Fv2%2Fmedia&parent=1414"}],"wp:term":[{"taxonomy":"category","embeddable":true,"href":"https:\/\/ongcadd.org\/index.php?rest_route=%2Fwp%2Fv2%2Fcategories&post=1414"},{"taxonomy":"post_tag","embeddable":true,"href":"https:\/\/ongcadd.org\/index.php?rest_route=%2Fwp%2Fv2%2Ftags&post=1414"}],"curies":[{"name":"wp","href":"https:\/\/api.w.org\/{rel}","templated":true}]}}