{"id":140,"date":"2018-03-24T00:08:28","date_gmt":"2018-03-24T00:08:28","guid":{"rendered":"https:\/\/ongcadd.org\/?p=140"},"modified":"2025-11-24T01:09:52","modified_gmt":"2025-11-24T01:09:52","slug":"semaine-de-lutte-contre-le-racisme","status":"publish","type":"post","link":"https:\/\/ongcadd.org\/?p=140","title":{"rendered":"SEMAINE DE LUTTE CONTRE LE RACISME"},"content":{"rendered":"<p>La semaine de lutte contre le racisme bat son plein.<br \/>\nCADD focalise son action sur la journ\u00e9e de dimanche 25 mars 2018. Avec Passerelles, elles invitent leurs public, ami-es et autres d\u00e8s 12 h 00 \u00e0 un d\u00eener partage au centre de Passerelles.\u00a0 \u00a0 \u00a0 \u00a0 \u00a0 \u00a0 \u00a0 \u00a0 \u00a0 \u00a0 \u00a0 \u00a0 \u00a0 \u00a0 \u00a0 \u00a0 \u00a0 \u00a0 \u00a0 \u00a0 \u00a0 \u00a0 \u00a0 \u00a0 \u00a0 \u00a0 \u00a0 \u00a0 \u00a0 \u00a0 \u00a0 \u00a0 \u00a0 \u00a0 \u00a0 \u00a0 \u00a0 \u00a0 \u00a0 \u00a0 \u00a0 \u00a0 \u00a0 \u00a0 \u00a0 \u00a0 \u00a0 \u00a0 \u00a0 \u00a0 \u00a0 \u00a0 \u00a0 \u00a0 \u00a0 \u00a0 \u00a0 \u00a0 \u00a0 A 14 h 00 le public est invit\u00e9 \u00e0 une projection du film \u00ab 12 years a slave \u00bb de Steve McQueen au Shine Club avec la pr\u00e9sence des intervenants de taille pour la cause du peuple noir.<br \/>\nLe Coordinateur, Kossivi Oyono Dagbenyo f\u00e9licite le d\u00e9ploiement significatif des autres structures s\u0153urs qui marquent \u00e0 leur mani\u00e8re cette semaine. Un grand merci au IMR de Fribourg \u00e0 travers Lisa Wyss, au SLR et \u00e0 tous ceux et celles qui font de PASSERELLES leur quotidien.<\/p>\n","protected":false},"excerpt":{"rendered":"<p>La semaine de lutte contre le racisme bat son plein. CADD focalise son action sur la journ\u00e9e de dimanche 25<\/p>\n","protected":false},"author":2,"featured_media":138,"comment_status":"closed","ping_status":"open","sticky":false,"template":"","format":"standard","meta":{"_acf_changed":false,"_jetpack_memberships_contains_paid_content":false,"_joinchat":[],"footnotes":""},"categories":[9,6,5],"tags":[],"class_list":["post-140","post","type-post","status-publish","format-standard","has-post-thumbnail","hentry","category-discrimination-racisme","category-monde","category-suisse"],"acf":[],"jetpack_featured_media_url":"https:\/\/ongcadd.org\/wp-content\/uploads\/2018\/03\/Affiche-12-years-a-slave-2018-page-001-e1521849747506.jpg","jetpack_sharing_enabled":true,"_links":{"self":[{"href":"https:\/\/ongcadd.org\/index.php?rest_route=\/wp\/v2\/posts\/140"}],"collection":[{"href":"https:\/\/ongcadd.org\/index.php?rest_route=\/wp\/v2\/posts"}],"about":[{"href":"https:\/\/ongcadd.org\/index.php?rest_route=\/wp\/v2\/types\/post"}],"author":[{"embeddable":true,"href":"https:\/\/ongcadd.org\/index.php?rest_route=\/wp\/v2\/users\/2"}],"replies":[{"embeddable":true,"href":"https:\/\/ongcadd.org\/index.php?rest_route=%2Fwp%2Fv2%2Fcomments&post=140"}],"version-history":[{"count":1,"href":"https:\/\/ongcadd.org\/index.php?rest_route=\/wp\/v2\/posts\/140\/revisions"}],"predecessor-version":[{"id":141,"href":"https:\/\/ongcadd.org\/index.php?rest_route=\/wp\/v2\/posts\/140\/revisions\/141"}],"wp:featuredmedia":[{"embeddable":true,"href":"https:\/\/ongcadd.org\/index.php?rest_route=\/wp\/v2\/media\/138"}],"wp:attachment":[{"href":"https:\/\/ongcadd.org\/index.php?rest_route=%2Fwp%2Fv2%2Fmedia&parent=140"}],"wp:term":[{"taxonomy":"category","embeddable":true,"href":"https:\/\/ongcadd.org\/index.php?rest_route=%2Fwp%2Fv2%2Fcategories&post=140"},{"taxonomy":"post_tag","embeddable":true,"href":"https:\/\/ongcadd.org\/index.php?rest_route=%2Fwp%2Fv2%2Ftags&post=140"}],"curies":[{"name":"wp","href":"https:\/\/api.w.org\/{rel}","templated":true}]}}