{"id":1393,"date":"2024-03-03T23:25:25","date_gmt":"2024-03-03T23:25:25","guid":{"rendered":"https:\/\/ongcadd.org\/?p=1393"},"modified":"2025-11-24T00:40:23","modified_gmt":"2025-11-24T00:40:23","slug":"communique-de-long-cadd-pour-plus-dhumanisme","status":"publish","type":"post","link":"https:\/\/ongcadd.org\/?p=1393","title":{"rendered":"COMMUNIQUE DE L\u2019ONG CADD POUR PLUS D\u2019HUMANISME !!!"},"content":{"rendered":"<p>Chers concitoyen-nes,<\/p>\n<p><strong><em>Quand la voie officielle est en panne, la raison invoque la voie officieuse (KOD).<\/em><\/strong><\/p>\n<p>Nous lan\u00e7ons un appel urgent \u00e0 votre g\u00e9n\u00e9rosit\u00e9 pour aider beaucoup de migrant-es et r\u00e9fugi\u00e9-es \u00e0 trouver un logement ind\u00e9pendant. Actuellement, ces individus se trouvent dans une situation de pr\u00e9carit\u00e9 et ont un besoin urgent de trouver un logement.<\/p>\n<p>Nous sommes conscients que la solidarit\u00e9 et l&rsquo;entraide sont des valeurs essentielles dans notre soci\u00e9t\u00e9. En cette p\u00e9riode difficile, il est important de se soutenir mutuellement et d&rsquo;apporter notre aide \u00e0 ceux qui en ont le plus besoin.<\/p>\n<p>Nous vous invitons donc \u00e0 faire preuve de g\u00e9n\u00e9rosit\u00e9 en contribuant, dans la mesure de vos moyens, pour leur venir \u00e0 l\u2019aide.<\/p>\n<p>Ces personnes que \u00e7a soit des migrant-es \u00e9conomiques (des personnes qui viennent travailler en Suisse) ou refugi\u00e9-es (demandeurs d\u2019asile ou refugi\u00e9-es reconnu-es) sont confront\u00e9es \u00e0 des difficult\u00e9s de constituer un dossier pour signer un bail \u00e0 loyer.<\/p>\n<p>Une pi\u00e8ce ou une chambre ind\u00e9pendante, aussi petite soit-elle, fera une diff\u00e9rence et permettra \u00e0 ces personnes de retrouver un peu de stabilit\u00e9 et de confort dans leur vie quotidienne.<\/p>\n<p>Nous comptons sur votre solidarit\u00e9 et votre soutien pour venir en aide \u00e0 nos concitoyen-nes dans le besoin. Ensemble, nous pouvons faire la diff\u00e9rence et apporter un peu de soulagement \u00e0 ceux et celles qui traversent des difficult\u00e9s.<\/p>\n<p>Merci d&rsquo;avance pour votre g\u00e9n\u00e9rosit\u00e9 et votre solidarit\u00e9.<\/p>\n<p>Bien \u00e0 vous,<\/p>\n<p>Fait \u00e0 Fribourg en Suisse, le 17.02.2024<\/p>\n<p><strong>Kossivi Oyono DAGBENYO, <\/strong><\/p>\n<p><strong>Le Pr\u00e9sident de l\u2019ONG CAD <\/strong><\/p>\n<p><strong><a href=\"https:\/\/ongcadd.org\/wp-content\/uploads\/2024\/03\/Communique-Urgence-logement-.pdf\">Communiqu\u00e9 &#8211; Urgence logement !<\/a><\/strong><br \/>\n<img loading=\"lazy\" decoding=\"async\" class=\"alignleft size-medium wp-image-1399\" src=\"https:\/\/ongcadd.org\/wp-content\/uploads\/2024\/03\/Communique-Urgence-logement--212x300.jpg\" alt=\"\" width=\"212\" height=\"300\" srcset=\"https:\/\/ongcadd.org\/wp-content\/uploads\/2024\/03\/Communique-Urgence-logement--212x300.jpg 212w, https:\/\/ongcadd.org\/wp-content\/uploads\/2024\/03\/Communique-Urgence-logement--725x1024.jpg 725w, https:\/\/ongcadd.org\/wp-content\/uploads\/2024\/03\/Communique-Urgence-logement--768x1085.jpg 768w, https:\/\/ongcadd.org\/wp-content\/uploads\/2024\/03\/Communique-Urgence-logement--1087x1536.jpg 1087w, https:\/\/ongcadd.org\/wp-content\/uploads\/2024\/03\/Communique-Urgence-logement--1449x2048.jpg 1449w, https:\/\/ongcadd.org\/wp-content\/uploads\/2024\/03\/Communique-Urgence-logement-.jpg 1655w\" sizes=\"(max-width: 212px) 100vw, 212px\" \/><\/p>\n<table>\n<tbody>\n<tr>\n<td width=\"472\"><\/td>\n<\/tr>\n<\/tbody>\n<\/table>\n","protected":false},"excerpt":{"rendered":"<p>Chers concitoyen-nes, Quand la voie officielle est en panne, la raison invoque la voie officieuse (KOD). Nous lan\u00e7ons un appel<\/p>\n","protected":false},"author":2,"featured_media":1394,"comment_status":"closed","ping_status":"open","sticky":false,"template":"","format":"standard","meta":{"_acf_changed":false,"_jetpack_memberships_contains_paid_content":false,"_joinchat":[],"footnotes":""},"categories":[11,9,5],"tags":[],"class_list":["post-1393","post","type-post","status-publish","format-standard","has-post-thumbnail","hentry","category-democratie","category-discrimination-racisme","category-suisse"],"acf":[],"jetpack_featured_media_url":"https:\/\/ongcadd.org\/wp-content\/uploads\/2024\/03\/Logo-logement.jpg","jetpack_sharing_enabled":true,"_links":{"self":[{"href":"https:\/\/ongcadd.org\/index.php?rest_route=\/wp\/v2\/posts\/1393"}],"collection":[{"href":"https:\/\/ongcadd.org\/index.php?rest_route=\/wp\/v2\/posts"}],"about":[{"href":"https:\/\/ongcadd.org\/index.php?rest_route=\/wp\/v2\/types\/post"}],"author":[{"embeddable":true,"href":"https:\/\/ongcadd.org\/index.php?rest_route=\/wp\/v2\/users\/2"}],"replies":[{"embeddable":true,"href":"https:\/\/ongcadd.org\/index.php?rest_route=%2Fwp%2Fv2%2Fcomments&post=1393"}],"version-history":[{"count":4,"href":"https:\/\/ongcadd.org\/index.php?rest_route=\/wp\/v2\/posts\/1393\/revisions"}],"predecessor-version":[{"id":1401,"href":"https:\/\/ongcadd.org\/index.php?rest_route=\/wp\/v2\/posts\/1393\/revisions\/1401"}],"wp:featuredmedia":[{"embeddable":true,"href":"https:\/\/ongcadd.org\/index.php?rest_route=\/wp\/v2\/media\/1394"}],"wp:attachment":[{"href":"https:\/\/ongcadd.org\/index.php?rest_route=%2Fwp%2Fv2%2Fmedia&parent=1393"}],"wp:term":[{"taxonomy":"category","embeddable":true,"href":"https:\/\/ongcadd.org\/index.php?rest_route=%2Fwp%2Fv2%2Fcategories&post=1393"},{"taxonomy":"post_tag","embeddable":true,"href":"https:\/\/ongcadd.org\/index.php?rest_route=%2Fwp%2Fv2%2Ftags&post=1393"}],"curies":[{"name":"wp","href":"https:\/\/api.w.org\/{rel}","templated":true}]}}