{"id":1345,"date":"2023-04-24T00:43:21","date_gmt":"2023-04-24T00:43:21","guid":{"rendered":"https:\/\/ongcadd.org\/?p=1345"},"modified":"2025-11-24T00:44:00","modified_gmt":"2025-11-24T00:44:00","slug":"africa-day-journee-africaine-2023","status":"publish","type":"post","link":"https:\/\/ongcadd.org\/?p=1345","title":{"rendered":"AFRICA DAY &#8211; JOURNEE AFRICAINE 2023"},"content":{"rendered":"<p>En amont \u00e0 la journ\u00e9e africaine c\u00e9l\u00e9br\u00e9e chaque 25 mai, l\u2019ONG CADD a organis\u00e9 ce 20 mai un \u00e9v\u00e9nement important qui va dynamiser la communaut\u00e9 africaine et surtout celle de la Suisse \u00e0 une prise de conscience totale du probl\u00e8me de la Femme et de l\u2019Homme noir. Trop c\u2019est trop, les Blacks dorment et refusent de voir la v\u00e9rit\u00e9 en face. Les Noirs de tous horizons d\u00e9missionnent quand on les appelle \u00e0 l\u2019action. Les Africains et Africaines aiment le baiser du Judas du syst\u00e8me occidental et se plaisent dans des petits conforts qui ne sont que la manifestation de l\u2019esclavage moderne. Les Noirs sont totalement perdus et ont abdiqu\u00e9 en acceptant le Syndrome de Stockholm. C\u2019est donc de ce r\u00e9veil ou de cette prise de conscience que le fr\u00e8re du combat, M. Komla Kpogli, PDG du Mouvement MOLTRA (<span class=\"yt-core-attributed-string--link-inherit-color\"><a class=\"yt-core-attributed-string__link yt-core-attributed-string__link--display-type yt-core-attributed-string__link--call-to-action-color\" tabindex=\"0\" href=\"https:\/\/www.youtube.com\/redirect?event=video_description&amp;redir_token=QUFFLUhqbVJobzYtQ1lGb0hmN09YTGk5akhsRnVyUEZOd3xBQ3Jtc0trR1FIb3FPUk1XS1ZSSDNJS1kzSUVsREJ3Q3R1OUo2QWRiYzd5NVRYcHE0RUdIc0x1RzBPWkJHME5QbzlWQXl2WkNMTmtrYjJ1MlFwTkJ1NUhNa3FETG0zWTJsaWF6dVNOemdNVGF4dV9IbVd2ajZURQ&amp;q=https%3A%2F%2Fwww.moltra.org%2F%23%2Faccueil&amp;v=HgT0CuYN_Ao\" target=\"_blank\" rel=\"nofollow noopener\">https:\/\/www.moltra.org\/#\/accueil<\/a><\/span>) est venu sonn\u00e9 hier \u00e0 Fribourg en Suisse pour que la diaspora se mette en marche. L\u2019ONG CADD lui remercie infiniment et lance un appel patriotique \u00e0 l\u2019endroit du peuple noir quant \u00e0 la poursuite du combat pour assoir une vraie d\u00e9mocratie en Afrique.<\/p>\n<p>L&rsquo;ONG CADD (Citoyens en Action pour la D\u00e9mocratie et le D\u00e9veloppement) qui milite activement pour les droits humains, contre toute forme de discrimination et du racisme, se dit satisfait de la mobilisation de la communaut\u00e9 africaine et remercie la pr\u00e9sence massive des Ukrainiennes \/Ukrainiens qui ont pris part \u00e0 l&rsquo;\u00e9v\u00e9nement. Ses remerciements vont \u00e9galement aux deux intervenants et toutes les personnes activement impliqu\u00e9e dans la journ\u00e9e.<\/p>\n<ul>\n<li><\/li>\n<\/ul>\n<p>&nbsp;<\/p>\n<p>Kossivi Oyono DAGBENYO PDG de l\u2019ONG CADD <span class=\"yt-core-attributed-string--link-inherit-color\"><a class=\"yt-core-attributed-string__link yt-core-attributed-string__link--display-type yt-core-attributed-string__link--call-to-action-color\" tabindex=\"0\" href=\"https:\/\/www.youtube.com\/redirect?event=video_description&amp;redir_token=QUFFLUhqblY3NEZQYlZFcUZBdlh3eFp0ZHpmSm41T2Q0d3xBQ3Jtc0ttVTBOWXNWVno4WnRUb3NYdUxLVGJuRWRTTGt1dWdlWWNXOWdyTGZwc210X2I4N3BsNWhnZnNabFN0RmN6RDdQUmNlWmVQTzVYdnA3RWw2cjRDdUhMcDNjUGZBWUd2SGl0OC1XbE1QU051ai1ZR3RwRQ&amp;q=https%3A%2F%2Fongcadd.org%2F%3Fp%3D1337&amp;v=HgT0CuYN_Ao\" target=\"_blank\" rel=\"nofollow noopener\">https:\/\/ongcadd.org\/?p=1337<\/a><\/span><\/p>\n","protected":false},"excerpt":{"rendered":"<p>En amont \u00e0 la journ\u00e9e africaine c\u00e9l\u00e9br\u00e9e chaque 25 mai, l\u2019ONG CADD a organis\u00e9 ce 20 mai un \u00e9v\u00e9nement important<\/p>\n","protected":false},"author":2,"featured_media":0,"comment_status":"closed","ping_status":"open","sticky":false,"template":"","format":"standard","meta":{"_acf_changed":false,"_jetpack_memberships_contains_paid_content":false,"_joinchat":[],"footnotes":""},"categories":[1],"tags":[],"class_list":["post-1345","post","type-post","status-publish","format-standard","hentry","category-uncategorized"],"acf":[],"jetpack_featured_media_url":"","jetpack_sharing_enabled":true,"_links":{"self":[{"href":"https:\/\/ongcadd.org\/index.php?rest_route=\/wp\/v2\/posts\/1345"}],"collection":[{"href":"https:\/\/ongcadd.org\/index.php?rest_route=\/wp\/v2\/posts"}],"about":[{"href":"https:\/\/ongcadd.org\/index.php?rest_route=\/wp\/v2\/types\/post"}],"author":[{"embeddable":true,"href":"https:\/\/ongcadd.org\/index.php?rest_route=\/wp\/v2\/users\/2"}],"replies":[{"embeddable":true,"href":"https:\/\/ongcadd.org\/index.php?rest_route=%2Fwp%2Fv2%2Fcomments&post=1345"}],"version-history":[{"count":1,"href":"https:\/\/ongcadd.org\/index.php?rest_route=\/wp\/v2\/posts\/1345\/revisions"}],"predecessor-version":[{"id":1545,"href":"https:\/\/ongcadd.org\/index.php?rest_route=\/wp\/v2\/posts\/1345\/revisions\/1545"}],"wp:attachment":[{"href":"https:\/\/ongcadd.org\/index.php?rest_route=%2Fwp%2Fv2%2Fmedia&parent=1345"}],"wp:term":[{"taxonomy":"category","embeddable":true,"href":"https:\/\/ongcadd.org\/index.php?rest_route=%2Fwp%2Fv2%2Fcategories&post=1345"},{"taxonomy":"post_tag","embeddable":true,"href":"https:\/\/ongcadd.org\/index.php?rest_route=%2Fwp%2Fv2%2Ftags&post=1345"}],"curies":[{"name":"wp","href":"https:\/\/api.w.org\/{rel}","templated":true}]}}