{"id":1337,"date":"2023-05-19T21:34:12","date_gmt":"2023-05-19T21:34:12","guid":{"rendered":"https:\/\/ongcadd.org\/?p=1337"},"modified":"2025-11-24T00:44:14","modified_gmt":"2025-11-24T00:44:14","slug":"africa-day-journee-africaine","status":"publish","type":"post","link":"https:\/\/ongcadd.org\/?p=1337","title":{"rendered":"AFRICA DAY &#8211; JOURNEE AFRICAINE !"},"content":{"rendered":"<p>Bonjour\u00a0\u00e0\u00a0toutes\u00a0et\u00a0\u00e0\u00a0tous!<\/p>\n<p>Invitation pour samedi, 20 mai 2023 pour c\u00e9l\u00e9brer en amont la Journ\u00e9e africaine du 25 mai de chaque ann\u00e9e. Au programme: \u00a0De 14h \u00e0 17h nous accueillons des familles avec enfants \u00e0 Passerelles. Et apr\u00e8s le programme continue jusqu\u2019\u00e0 minuit (Conf\u00e9rence &#8211; d\u00e9bat , repas + ambiance festive avec DJ DESS ET PRINCE entr\u00e9e gratuite, collecte obligatoire).<\/p>\n<p>Kossivi\u00a0Oyono\u00a0DAGEBNYO<br \/>\nPDG\u00a0de\u00a0l&rsquo;ONG\u00a0CADD<br \/>\nT\u00e9l:\u00a0+41(0)77\u00a0970\u00a094\u00a072<\/p>\n<p><img loading=\"lazy\" decoding=\"async\" class=\"alignleft size-medium wp-image-1339\" src=\"https:\/\/ongcadd.org\/wp-content\/uploads\/2023\/05\/Africa-Day-05.23-212x300.jpg\" alt=\"\" width=\"212\" height=\"300\" srcset=\"https:\/\/ongcadd.org\/wp-content\/uploads\/2023\/05\/Africa-Day-05.23-212x300.jpg 212w, https:\/\/ongcadd.org\/wp-content\/uploads\/2023\/05\/Africa-Day-05.23-723x1024.jpg 723w, https:\/\/ongcadd.org\/wp-content\/uploads\/2023\/05\/Africa-Day-05.23.jpg 763w\" sizes=\"(max-width: 212px) 100vw, 212px\" \/> <img loading=\"lazy\" decoding=\"async\" class=\"alignleft size-medium wp-image-1340\" src=\"https:\/\/ongcadd.org\/wp-content\/uploads\/2023\/05\/Demande-de-fonds-page-001-1-212x300.jpg\" alt=\"\" width=\"212\" height=\"300\" \/><\/p>\n","protected":false},"excerpt":{"rendered":"<p>Bonjour\u00a0\u00e0\u00a0toutes\u00a0et\u00a0\u00e0\u00a0tous! Invitation pour samedi, 20 mai 2023 pour c\u00e9l\u00e9brer en amont la Journ\u00e9e africaine du 25 mai de chaque ann\u00e9e.<\/p>\n","protected":false},"author":2,"featured_media":1338,"comment_status":"closed","ping_status":"open","sticky":false,"template":"","format":"standard","meta":{"_acf_changed":false,"_jetpack_memberships_contains_paid_content":false,"_joinchat":{"telephone":"+41779709472"},"footnotes":""},"categories":[11,9,6,5],"tags":[],"class_list":["post-1337","post","type-post","status-publish","format-standard","has-post-thumbnail","hentry","category-democratie","category-discrimination-racisme","category-monde","category-suisse"],"acf":[],"jetpack_featured_media_url":"https:\/\/ongcadd.org\/wp-content\/uploads\/2023\/05\/OIP.jpeg","jetpack_sharing_enabled":true,"_links":{"self":[{"href":"https:\/\/ongcadd.org\/index.php?rest_route=\/wp\/v2\/posts\/1337"}],"collection":[{"href":"https:\/\/ongcadd.org\/index.php?rest_route=\/wp\/v2\/posts"}],"about":[{"href":"https:\/\/ongcadd.org\/index.php?rest_route=\/wp\/v2\/types\/post"}],"author":[{"embeddable":true,"href":"https:\/\/ongcadd.org\/index.php?rest_route=\/wp\/v2\/users\/2"}],"replies":[{"embeddable":true,"href":"https:\/\/ongcadd.org\/index.php?rest_route=%2Fwp%2Fv2%2Fcomments&post=1337"}],"version-history":[{"count":1,"href":"https:\/\/ongcadd.org\/index.php?rest_route=\/wp\/v2\/posts\/1337\/revisions"}],"predecessor-version":[{"id":1341,"href":"https:\/\/ongcadd.org\/index.php?rest_route=\/wp\/v2\/posts\/1337\/revisions\/1341"}],"wp:featuredmedia":[{"embeddable":true,"href":"https:\/\/ongcadd.org\/index.php?rest_route=\/wp\/v2\/media\/1338"}],"wp:attachment":[{"href":"https:\/\/ongcadd.org\/index.php?rest_route=%2Fwp%2Fv2%2Fmedia&parent=1337"}],"wp:term":[{"taxonomy":"category","embeddable":true,"href":"https:\/\/ongcadd.org\/index.php?rest_route=%2Fwp%2Fv2%2Fcategories&post=1337"},{"taxonomy":"post_tag","embeddable":true,"href":"https:\/\/ongcadd.org\/index.php?rest_route=%2Fwp%2Fv2%2Ftags&post=1337"}],"curies":[{"name":"wp","href":"https:\/\/api.w.org\/{rel}","templated":true}]}}