{"id":1329,"date":"2022-12-16T07:07:20","date_gmt":"2022-12-16T07:07:20","guid":{"rendered":"https:\/\/ongcadd.org\/?p=1329"},"modified":"2025-11-24T00:44:25","modified_gmt":"2025-11-24T00:44:25","slug":"un-detenu-de-trop","status":"publish","type":"post","link":"https:\/\/ongcadd.org\/?p=1329","title":{"rendered":"Un d\u00e9tenu de trop !!!"},"content":{"rendered":"<p><span style=\"font-weight: 400;\">Trop c\u2019est trop lib\u00e9rer le jeune Ivoirien Moussa Konate !<\/span><\/p>\n<p><span style=\"font-weight: 400;\">L\u2019ONG CADD fut saisie depuis quelques mois par Moussa Konat\u00e9, n\u00e9 le 17 janvier 2002, un jeune ivoirien arriv\u00e9 en Suisse mineur et aujourd\u2019hui d\u00e9tenu en prison pour la seule raison d\u2019\u00eatre d\u00e9bout\u00e9 d\u2019asile.\u00a0<\/span><\/p>\n<p><span style=\"font-weight: 400;\">Emprisonner un citoyen de circuler ill\u00e9galement sur un territoire est qualifi\u00e9 de violation des Droits Humains selon la charte du mandingue en son article 7 qui dit : \u00ab\u00a0La libert\u00e9 d\u2019agir, de parler : L\u2019homme en tant qu\u2019individu, fait d\u2019os et de chair, de moelle et de nerfs, de peau recouverte de poils et de cheveux, se nourrit d\u2019aliments et de boissons. Mais son \u201c\u00e2me\u201d, son esprit vit de trois choses : voir qui il a envie de voir, dire ce qu\u2019il a envie de dire et faire ce qu\u2019il a envie de faire. Si une seule de ces choses venait \u00e0 manquer \u00e0 l\u2019\u00e2me humaine, elle en souffrirait et s\u2019\u00e9tiolerait s\u00fbrement. \u00bb<\/span><\/p>\n<p><span style=\"font-weight: 400;\">Selon donc cet article repris d\u2019une autre mani\u00e8re par le droit international qui prot\u00e8ge l\u2019individu contre la criminalit\u00e9, l\u2019arrestation de Moussa Konat\u00e9 est une violation flagrante que CADD d\u00e9nonce et demande la lib\u00e9ration imm\u00e9diate et sans condition du jeune Moussa.\u00a0<\/span><\/p>\n<p><span style=\"font-weight: 400;\">L\u2019Homme noir \u00e9tant le p\u00e8re de l\u2019humanit\u00e9, l\u2019ONG CADD qualifie la d\u00e9tention de Moussa Konat\u00e9 d\u2019un manque de respect de trop envers la communaut\u00e9 noire, minoritaire en Suisse mais discrimin\u00e9e sous toutes les formes.\u00a0<\/span><\/p>\n<p><span style=\"font-weight: 400;\">CADD veut informer l\u2019opinion publique que le jeune en devenant adulte avait eu une promesse d&#8217;embauche avec un contrat fixe que le Service de la population et des migrants ne lui avait pas donn\u00e9 l\u2019autorisation d\u2019y exercer. Choqu\u00e9 devant cette humiliation, le jeune Moussa a manqu\u00e9 quelques rendez-vous pour se pr\u00e9senter au m\u00eame service qui va le d\u00e9clarer disparu. C\u2019est ainsi qu\u2019apr\u00e8s 3 mois il fut contr\u00f4l\u00e9 et jet\u00e9 en prison pr\u00e9ventive dans le but d\u2019\u00eatre rapatri\u00e9 en C\u00f4te d\u2019Ivoire.<\/span><\/p>\n<p><span style=\"font-weight: 400;\">En l\u2019\u00e9tat, deux tentatives de rapatriement ont \u00e9chou\u00e9 car le jeune craint pour sa vie d\u00e8s son retour en C\u00f4te D\u2019ivoire. Moussa orphelin de p\u00e8re et de m\u00e8re fut maltrait\u00e9 par son oncle qui menace de le tuer s\u2019il r\u00e9appara\u00eet apr\u00e8s avoir fugu\u00e9 du domicile de ce dernier. Dans sa fuite Moussa a travers\u00e9 le d\u00e9sert du Sahara pour arriver en Alg\u00e9rie puis au Maroc. Moussa, jeune de son \u00e9tat ne demande qu\u2019une protection de la Suisse pour refaire sa vie.\u00a0<\/span><\/p>\n<p><span style=\"font-weight: 400;\">L\u2019ONG CADD veut \u00e9galement informer l\u2019opinion suisse, les autorit\u00e9s fribourgeoises et le Secr\u00e9tariat d&rsquo;Etat aux migrations (SEM) que dans certains pays comme en Afrique subsaharienne, beaucoup d\u2019enfants et de jeunes orphelins sont maltrait\u00e9s quotidiennement par leurs familles et souvent vendus pour des trafics d\u2019organes ou des c\u00e9r\u00e9monies mal\u00e9fiques. Amnesty international, La Croix-Rouge ou encore Terre des Hommes peuvent en t\u00e9moigner. CADD veut amplifier son action envers ces organismes internationaux pour que justice soit rendue au jeune d\u00e9tenu arbitrairement. CADD veut profiter de cette occasion pour condamner toutes les arrestations abusives et syst\u00e9miques du m\u00eame genre pour rappeler aux autorit\u00e9s cantonales en la mati\u00e8re qu\u2019une chose est vraie, le peuple suisse vote des lois qui doivent \u00eatre appliqu\u00e9es, mais, la mise en \u0153uvre de ces lois doit fait office d\u2019\u00e9quit\u00e9 tout en respectant les valeurs humaines.\u00a0<\/span><\/p>\n<p><span style=\"font-weight: 400;\">Libert\u00e9 pour Moussa et NON au vol sp\u00e9cial!\u00a0<\/span><\/p>\n<p><span style=\"font-weight: 400;\">Libert\u00e9, libert\u00e9 et 3 fois Libert\u00e9 pour Moussa Konate!!!\u00a0<\/span><\/p>\n","protected":false},"excerpt":{"rendered":"<p>Trop c\u2019est trop lib\u00e9rer le jeune Ivoirien Moussa Konate ! L\u2019ONG CADD fut saisie depuis quelques mois par Moussa Konat\u00e9,<\/p>\n","protected":false},"author":2,"featured_media":1332,"comment_status":"closed","ping_status":"open","sticky":false,"template":"","format":"standard","meta":{"_acf_changed":false,"_jetpack_memberships_contains_paid_content":false,"_joinchat":{"telephone":"+41779709472","message_send":"Mobilisons-nous!"},"footnotes":""},"categories":[11,9,5],"tags":[],"class_list":["post-1329","post","type-post","status-publish","format-standard","has-post-thumbnail","hentry","category-democratie","category-discrimination-racisme","category-suisse"],"acf":[],"jetpack_featured_media_url":"https:\/\/ongcadd.org\/wp-content\/uploads\/2022\/12\/shutterstock_1707124045-scaled.webp","jetpack_sharing_enabled":true,"_links":{"self":[{"href":"https:\/\/ongcadd.org\/index.php?rest_route=\/wp\/v2\/posts\/1329"}],"collection":[{"href":"https:\/\/ongcadd.org\/index.php?rest_route=\/wp\/v2\/posts"}],"about":[{"href":"https:\/\/ongcadd.org\/index.php?rest_route=\/wp\/v2\/types\/post"}],"author":[{"embeddable":true,"href":"https:\/\/ongcadd.org\/index.php?rest_route=\/wp\/v2\/users\/2"}],"replies":[{"embeddable":true,"href":"https:\/\/ongcadd.org\/index.php?rest_route=%2Fwp%2Fv2%2Fcomments&post=1329"}],"version-history":[{"count":4,"href":"https:\/\/ongcadd.org\/index.php?rest_route=\/wp\/v2\/posts\/1329\/revisions"}],"predecessor-version":[{"id":1335,"href":"https:\/\/ongcadd.org\/index.php?rest_route=\/wp\/v2\/posts\/1329\/revisions\/1335"}],"wp:featuredmedia":[{"embeddable":true,"href":"https:\/\/ongcadd.org\/index.php?rest_route=\/wp\/v2\/media\/1332"}],"wp:attachment":[{"href":"https:\/\/ongcadd.org\/index.php?rest_route=%2Fwp%2Fv2%2Fmedia&parent=1329"}],"wp:term":[{"taxonomy":"category","embeddable":true,"href":"https:\/\/ongcadd.org\/index.php?rest_route=%2Fwp%2Fv2%2Fcategories&post=1329"},{"taxonomy":"post_tag","embeddable":true,"href":"https:\/\/ongcadd.org\/index.php?rest_route=%2Fwp%2Fv2%2Ftags&post=1329"}],"curies":[{"name":"wp","href":"https:\/\/api.w.org\/{rel}","templated":true}]}}