{"id":1311,"date":"2022-07-28T13:56:11","date_gmt":"2022-07-28T13:56:11","guid":{"rendered":"https:\/\/ongcadd.org\/?p=1311"},"modified":"2025-11-24T00:46:51","modified_gmt":"2025-11-24T00:46:51","slug":"tournoi-de-foot-interculturel","status":"publish","type":"post","link":"https:\/\/ongcadd.org\/?p=1311","title":{"rendered":"TOURNOI DE FOOT INTERCULTUREL!"},"content":{"rendered":"<p>Apr\u00e8s plusieurs \u00e9ditions du tournoi de foot interculturel initi\u00e9 depuis 2012 par l\u2019ONG CADD et co-organis\u00e9 par moment avec l\u2019Association Passerelles, L\u2019\u00e9dition 2022 est enfin lanc\u00e9e. L\u2019ONG CADD, l\u2019Association Passerelles et quelques partenaires vous invitent donc ce 1er ao\u00fbt 2022 de 10h \u00e0 17h au stade Saint-L\u00e9onard de Fribourg pour passer un temps convivial et c\u00e9l\u00e9brer la f\u00eate nationale suisse. Pour y participer, vous pouvez inscrire une \u00e9quipe de 10 personnes, ou s\u2019inscrire pour faire partie d\u2019une \u00e9quipe d\u00e8s 14 ans. La pr\u00e9sence f\u00e9minine est vivement souhait\u00e9e dans chaque \u00e9quipe. Une partie est attendue pour les enfants de 6 \u00e0 8 ans et une autre pour les jeunes de 9 \u00e0 13 ans.<br \/>\nInscription via le site www.ongcadd.org, info@ongcadd.org ou www.passerellesfribourg.org<br \/>\nT\u00e9l.: 077 970 94 72<br \/>\nBonne f\u00eate nationale \u00e0 toutes et \u00e0 tous!<br \/>\nKossivi Oyono DAGBENYO, Pr\u00e9sident de L&rsquo;ONG CADD et Coordinateur de Passerelles.<\/p>\n<p><img loading=\"lazy\" decoding=\"async\" class=\"alignnone size-medium wp-image-1312\" src=\"https:\/\/ongcadd.org\/wp-content\/uploads\/2022\/07\/Tournoi-de-foot-2022-212x300.jpeg\" alt=\"\" width=\"212\" height=\"300\" srcset=\"https:\/\/ongcadd.org\/wp-content\/uploads\/2022\/07\/Tournoi-de-foot-2022-212x300.jpeg 212w, https:\/\/ongcadd.org\/wp-content\/uploads\/2022\/07\/Tournoi-de-foot-2022.jpeg 724w\" sizes=\"(max-width: 212px) 100vw, 212px\" \/><\/p>\n","protected":false},"excerpt":{"rendered":"<p>Apr\u00e8s plusieurs \u00e9ditions du tournoi de foot interculturel initi\u00e9 depuis 2012 par l\u2019ONG CADD et co-organis\u00e9 par moment avec l\u2019Association<\/p>\n","protected":false},"author":4229,"featured_media":67,"comment_status":"closed","ping_status":"open","sticky":false,"template":"","format":"standard","meta":{"_acf_changed":false,"_jetpack_memberships_contains_paid_content":false,"_joinchat":{"telephone":"+41779709472"},"footnotes":""},"categories":[9,5],"tags":[],"class_list":["post-1311","post","type-post","status-publish","format-standard","has-post-thumbnail","hentry","category-discrimination-racisme","category-suisse"],"acf":[],"jetpack_featured_media_url":"https:\/\/ongcadd.org\/wp-content\/uploads\/2018\/03\/TFF.jpg","jetpack_sharing_enabled":true,"_links":{"self":[{"href":"https:\/\/ongcadd.org\/index.php?rest_route=\/wp\/v2\/posts\/1311"}],"collection":[{"href":"https:\/\/ongcadd.org\/index.php?rest_route=\/wp\/v2\/posts"}],"about":[{"href":"https:\/\/ongcadd.org\/index.php?rest_route=\/wp\/v2\/types\/post"}],"author":[{"embeddable":true,"href":"https:\/\/ongcadd.org\/index.php?rest_route=\/wp\/v2\/users\/4229"}],"replies":[{"embeddable":true,"href":"https:\/\/ongcadd.org\/index.php?rest_route=%2Fwp%2Fv2%2Fcomments&post=1311"}],"version-history":[{"count":1,"href":"https:\/\/ongcadd.org\/index.php?rest_route=\/wp\/v2\/posts\/1311\/revisions"}],"predecessor-version":[{"id":1313,"href":"https:\/\/ongcadd.org\/index.php?rest_route=\/wp\/v2\/posts\/1311\/revisions\/1313"}],"wp:featuredmedia":[{"embeddable":true,"href":"https:\/\/ongcadd.org\/index.php?rest_route=\/wp\/v2\/media\/67"}],"wp:attachment":[{"href":"https:\/\/ongcadd.org\/index.php?rest_route=%2Fwp%2Fv2%2Fmedia&parent=1311"}],"wp:term":[{"taxonomy":"category","embeddable":true,"href":"https:\/\/ongcadd.org\/index.php?rest_route=%2Fwp%2Fv2%2Fcategories&post=1311"},{"taxonomy":"post_tag","embeddable":true,"href":"https:\/\/ongcadd.org\/index.php?rest_route=%2Fwp%2Fv2%2Ftags&post=1311"}],"curies":[{"name":"wp","href":"https:\/\/api.w.org\/{rel}","templated":true}]}}