{"id":1296,"date":"2022-06-18T16:00:30","date_gmt":"2022-06-18T16:00:30","guid":{"rendered":"https:\/\/ongcadd.org\/?p=1296"},"modified":"2025-11-24T00:46:58","modified_gmt":"2025-11-24T00:46:58","slug":"formation-renforcement-de-capacites","status":"publish","type":"post","link":"https:\/\/ongcadd.org\/?p=1296","title":{"rendered":"Formation : Renforcement de capacit\u00e9s"},"content":{"rendered":"<p style=\"font-weight: 400;\"><strong>Renforcements des capacit\u00e9s pour mieux identifier et combattre le racisme :\u00a0<\/strong><\/p>\n<p style=\"font-weight: 400;\"><strong>Approche par la D\u00e9construction<\/strong><\/p>\n<p style=\"font-weight: 400;\"><span style=\"font-weight: 400;\">Introduction. Questions s\u00e9mantiques : \u00ab\u00a0Noir-e\u00a0\u00bb, \u00ab\u00a0Africain-e\u00a0\u00bb, \u00ab\u00a0Kamites\u00a0\u00bb, \u00ab\u00a0Afro-descendant-e\u00a0\u00bb, \u00ab\u00a0Homme\/Femme\/Gens de couleur\u00a0\u00bb, \u00ab\u00a0Groupes racis\u00e9s\u00a0\u00bb, \u00ab\u00a0Afrophobie\u00a0\u00bb, \u00ab\u00a0N\u00e9grophobie\u00a0\u00bb, \u00ab\u00a0X\u00e9nophobie\u00a0\u00bb, \u00ab\u00a0Racisme anti-Noir\u00a0\u00bb, etc.\u00a0<\/span><\/p>\n<p style=\"font-weight: 400;\"><span style=\"font-weight: 400;\">Processus de D\u00e9construction :<\/span><\/p>\n<ul>\n<li style=\"font-weight: 400;\"><span style=\"font-weight: 400;\"> \u00a0 \u00a0 \u00a0 \u00a0 Construction. Le Monde avant le racisme :\u00a0 Des auto-repr\u00e9sentations de soi au pr\u00eat-\u00e0-porter venu de l&rsquo;ext\u00e9rieur. Les 4 Temps majeurs de la fabrique du racisme anti-Noir.<\/span><\/li>\n<li style=\"font-weight: 400;\"><span style=\"font-weight: 400;\"> \u00a0 \u00a0 \u00a0 \u00a0 D\u00e9construction. Comprendre les M\u00e9canismes qui ont actionn\u00e9 et actionnent la manifestation, la diffusion et la p\u00e9r\u00e9nisation du racisme anti-Noir.\u00a0<\/span><\/li>\n<\/ul>\n<p style=\"font-weight: 400;\"><span style=\"font-weight: 400;\">(Apr\u00e8s-midi)<\/span><\/p>\n<ul>\n<li style=\"font-weight: 400;\"><span style=\"font-weight: 400;\"> \u00a0 \u00a0 \u00a0 \u00a0 Reconstruction\/R\u00e9paration. Marqueurs de la sp\u00e9cificit\u00e9 du racisme anti-Noir. Pistes pour un nouveau Paradigme des repr\u00e9sentations du \u00ab Noir \u00bb et du \u00ab Blanc \u00bb. Transformations sociales n\u00e9cessaires. Voies vers la R\u00e9conciliation.<\/span><\/li>\n<li style=\"font-weight: 400;\"><span style=\"font-weight: 400;\"> \u00a0 \u00a0 \u00a0 \u00a0 Auto-Reconstruction\/R\u00e9paration : Comment faire face \u00e0 un acte\/propos raciste ? Avec quels moyens ? Pi\u00e8ges \u00e0 \u00e9viter. R\u00e9silience ou R\u00e9paration ?<\/span><\/li>\n<\/ul>\n<p style=\"font-weight: 400;\"><span style=\"font-weight: 400;\">Conclusion. Pour un monde sans racisme : le mod\u00e8le \u00ab\u00a0Wakanda\u00a0\u00bb (film Black Panther), apport de l&rsquo;UBUNTU (introduction au prochain module ?). Discussion ouverte.<\/span><\/p>\n<p style=\"font-weight: 400;\"><span style=\"font-weight: 400;\"><img loading=\"lazy\" decoding=\"async\" class=\"alignnone size-medium wp-image-1306\" src=\"https:\/\/ongcadd.org\/wp-content\/uploads\/2022\/06\/Mk-sept2019-cFuertesMonica-2-167x300.jpg\" alt=\"\" width=\"167\" height=\"300\" srcset=\"https:\/\/ongcadd.org\/wp-content\/uploads\/2022\/06\/Mk-sept2019-cFuertesMonica-2-167x300.jpg 167w, https:\/\/ongcadd.org\/wp-content\/uploads\/2022\/06\/Mk-sept2019-cFuertesMonica-2-570x1024.jpg 570w, https:\/\/ongcadd.org\/wp-content\/uploads\/2022\/06\/Mk-sept2019-cFuertesMonica-2-768x1379.jpg 768w, https:\/\/ongcadd.org\/wp-content\/uploads\/2022\/06\/Mk-sept2019-cFuertesMonica-2-855x1536.jpg 855w, https:\/\/ongcadd.org\/wp-content\/uploads\/2022\/06\/Mk-sept2019-cFuertesMonica-2-1140x2048.jpg 1140w, https:\/\/ongcadd.org\/wp-content\/uploads\/2022\/06\/Mk-sept2019-cFuertesMonica-2-scaled.jpg 1425w\" sizes=\"(max-width: 167px) 100vw, 167px\" \/><\/span><\/p>\n<p><span style=\"font-weight: 400;\">Mutombo Kanyana, <\/span><span style=\"font-weight: 400;\">Docteur \u00e8s relations internationales, politologue<\/span><\/p>\n<p style=\"font-weight: 400;\"><span style=\"font-weight: 400;\">Consultant international, expert sur les questions identitaires (acculturation, racisme, discrimination, int\u00e9gration), sp\u00e9cialiste du Monde Noir et de ses liens avec l&rsquo;Occident<\/span><\/p>\n<p style=\"font-weight: 400;\"><span style=\"font-weight: 400;\">Ancien Charg\u00e9 du Programme de lutte contre le racisme et la discrimination \u00e0 l&rsquo;UNESCO<\/span><\/p>\n<p style=\"font-weight: 400;\"><span style=\"font-weight: 400;\">Directeur de l&rsquo;Universit\u00e9 populaire africaine en Suisse (UPAF.ch)<\/span><\/p>\n<p style=\"font-weight: 400;\"><span style=\"font-weight: 400;\">Secr\u00e9taire g\u00e9n\u00e9ral du CRAN-Observatoire du racisme anti-Noir en Suisse<\/span><\/p>\n<p style=\"font-weight: 400;\"><span style=\"font-weight: 400;\">Journaliste et directeur de Regards Africains Editions<\/span><\/p>\n<p style=\"font-weight: 400;\"><span style=\"font-weight: 400;\">Gen\u00e8ve (Suisse)<\/span><\/p>\n<p style=\"font-weight: 400;\"><span style=\"font-weight: 400;\">+41 22 800 14 84 (bureau)\u00a0 +41 79 754 54 85 (portable)<\/span><\/p>\n","protected":false},"excerpt":{"rendered":"<p>Renforcements des capacit\u00e9s pour mieux identifier et combattre le racisme :\u00a0 Approche par la D\u00e9construction Introduction. Questions s\u00e9mantiques : \u00ab\u00a0Noir-e\u00a0\u00bb,<\/p>\n","protected":false},"author":2,"featured_media":0,"comment_status":"closed","ping_status":"open","sticky":false,"template":"","format":"standard","meta":{"_acf_changed":false,"_jetpack_memberships_contains_paid_content":false,"_joinchat":[],"footnotes":""},"categories":[9,1],"tags":[],"class_list":["post-1296","post","type-post","status-publish","format-standard","hentry","category-discrimination-racisme","category-uncategorized"],"acf":[],"jetpack_featured_media_url":"","jetpack_sharing_enabled":true,"_links":{"self":[{"href":"https:\/\/ongcadd.org\/index.php?rest_route=\/wp\/v2\/posts\/1296"}],"collection":[{"href":"https:\/\/ongcadd.org\/index.php?rest_route=\/wp\/v2\/posts"}],"about":[{"href":"https:\/\/ongcadd.org\/index.php?rest_route=\/wp\/v2\/types\/post"}],"author":[{"embeddable":true,"href":"https:\/\/ongcadd.org\/index.php?rest_route=\/wp\/v2\/users\/2"}],"replies":[{"embeddable":true,"href":"https:\/\/ongcadd.org\/index.php?rest_route=%2Fwp%2Fv2%2Fcomments&post=1296"}],"version-history":[{"count":2,"href":"https:\/\/ongcadd.org\/index.php?rest_route=\/wp\/v2\/posts\/1296\/revisions"}],"predecessor-version":[{"id":1307,"href":"https:\/\/ongcadd.org\/index.php?rest_route=\/wp\/v2\/posts\/1296\/revisions\/1307"}],"wp:attachment":[{"href":"https:\/\/ongcadd.org\/index.php?rest_route=%2Fwp%2Fv2%2Fmedia&parent=1296"}],"wp:term":[{"taxonomy":"category","embeddable":true,"href":"https:\/\/ongcadd.org\/index.php?rest_route=%2Fwp%2Fv2%2Fcategories&post=1296"},{"taxonomy":"post_tag","embeddable":true,"href":"https:\/\/ongcadd.org\/index.php?rest_route=%2Fwp%2Fv2%2Ftags&post=1296"}],"curies":[{"name":"wp","href":"https:\/\/api.w.org\/{rel}","templated":true}]}}